{"id":5845,"date":"2026-09-01T14:17:50","date_gmt":"2026-09-01T14:17:50","guid":{"rendered":"https:\/\/bourbach-le-bas.fr\/?p=5845"},"modified":"2026-09-01T14:18:01","modified_gmt":"2026-09-01T14:18:01","slug":"programme-maison-de-la-terre-septembre","status":"publish","type":"post","link":"https:\/\/bourbach-le-bas.fr\/index.php\/2026\/09\/01\/programme-maison-de-la-terre-septembre\/","title":{"rendered":"Programme Maison de la Terre septembre"},"content":{"rendered":"<p>Bonjour \u00e0 toutes et tous !<\/p>\n<p>L&rsquo;\u00e9t\u00e9 se termine mais nos activit\u00e9s de d\u00e9couverte se poursuivent en ce mois de septembre.<\/p>\n<p>Ci-dessous le programme complet !<\/p>\n<p>Toujours sur r\u00e9servation au 06 47 29 16 20 (sauf contre-indiqu\u00e9)<\/p>\n<p>&nbsp;<\/p>\n<p><strong><em>Dimanche 06 septembre : Balade \u00e0 remonter le temps\u00a0sur le sentier g\u00e9ologique de Sentheim <\/em><\/strong><\/p>\n<p><strong>Site class\u00e9 3 \u00e9toiles, d&rsquo;int\u00e9r\u00eat international \u00e0 l&rsquo;Inventaire National du Patrimoine G\u00e9ologique.<\/strong><\/p>\n<p>350 millions d&rsquo;ann\u00e9es d&rsquo;histoire de notre r\u00e9gion racont\u00e9es au cours de cette boucle facile. Unique dans la r\u00e9gion\u00a0!<\/p>\n<p>Public\u00a0: Tout public, un peu de marche sur piste et sentier, boucle de 6 km.<\/p>\n<p>Rdv\u00a0: 14h00 Mus\u00e9e de la Maison de la Terre \u00e0 Sentheim. Dur\u00e9e\u00a0: 3h30 environ.<\/p>\n<p>&nbsp;<\/p>\n<p><strong><em>Dimanche 13 septembre : Les Mines d\u2019Argent du vallon de Soultzbach<\/em><\/strong><strong><em>, <\/em><\/strong>en partenariat<strong><em>\u00a0<\/em><\/strong>avec \u00ab\u00a0Les Trolls\u00a0\u00bb et la commune de Wegscheid.<\/p>\n<p>D\u00e9couvrez le district minier du vallon de Soultzbach, pr\u00e8s de Wegscheid. Visite de deux galeries.<\/p>\n<p>Public\u00a0: tout public, certains passages dans les galeries n\u00e9cessitent de se baisser.<\/p>\n<p>Rdv\u00a0: 14h00 parking Maison du Pays \u00e0 Wegscheid. Dur\u00e9e\u00a0: 2h00 environ<\/p>\n<p><strong>R\u00e9servations \u00e0 l&rsquo;OT de Masevaux. Tel\u00a0: 03 89 82 41 99<\/strong><\/p>\n<p>&nbsp;<\/p>\n<p><strong><em>Dimanche 20 septembre : L&rsquo;Eau, sculpteur de Paysages<\/em><\/strong><\/p>\n<p>Venez d\u00e9couvrir les paysages\u00a0sculpt\u00e9s par l&rsquo;eau au cours d&rsquo;un circuit o\u00f9 nous irons de sites en sites en covoiturage.<\/p>\n<p>Lieu : de\u00a0Sewen \u00e0 Sentheim. Rdv\u00a0: 10h devant &lsquo;La Rotisserie&rsquo; au lac d&rsquo;Alfeld. Dur\u00e9e 2h30 environ<\/p>\n<p><strong>Tarif\u00a0: GRATUIT<\/strong><\/p>\n<p>&nbsp;<\/p>\n<p><strong><em>Dimanche 27 septembre :<\/em><\/strong>\u00a0 <strong><em>Les<\/em><\/strong>\u00a0<strong><em>Mines de Fer de Bourbach-le-Bas<\/em><\/strong><strong><em>,\u00a0<\/em><\/strong> en partenariat\u00a0avec les \u00ab\u00a0Les Trolls\u00a0\u00bb et la commune de Bourbach-Le-Bas.<\/p>\n<p>Partez sur les traces des mineurs du XVIII et XIX si\u00e8cle. Visite de deux galeries et des premiers sites historiques.<\/p>\n<p>Lieu\u00a0: Bourbach-le-Bas. <strong>Parcours en grande partie ombrag\u00e9.<\/strong><\/p>\n<p>Public\u00a0: tout public, boucle de 6 km. Certains passages dans les galeries n\u00e9cessitent de se baisser.<\/p>\n<p>Rdv\u00a0: 14h00 salle Lierenbuckel \u00e0 Bourbach-le-Bas. Dur\u00e9e\u00a0: 2h30 environ<\/p>\n<p><strong>R\u00e9servations \u00e0 l&rsquo;OT de Thann-Cernay au 03 89 37 96 20.<\/strong><\/p>\n<p>&nbsp;<\/p>\n<p><strong>Mais aussi !<\/strong><\/p>\n<p>&nbsp;<\/p>\n<p><strong><em>Mercredis 09, 16, 23 et 30 septembre : Visite de la grotte du Wolfloch \u00e0 Sentheim<\/em><\/strong><\/p>\n<p>D\u00e9couvrez les myst\u00e8res et les origines de la seule grotte naturelle visitable de notre territoire.<\/p>\n<p>Public\u00a0: tout public, parfait pour une sortie en famille (enfants \u00e0 partir de 5 ans).<\/p>\n<p>Rdv\u00a0:<strong> 14h <\/strong>au mus\u00e9e de la Maison de la Terre \u00e0 Sentheim. Dur\u00e9e\u00a0: 1h45\/2h environ<\/p>\n<p>Tarifs\u00a0: Tarif famille 12 euros ; enfant suppl\u00e9mentaire de moins de 12 ans 3 euros. Adulte seul 5 euros.<\/p>\n<p>&nbsp;<\/p>\n<p><strong><em>Tous\u00a0les dimanches de septembre : billet combin\u00e9 Train Thur Doller<\/em><\/strong><\/p>\n<p>Vivez l\u2019exp\u00e9rience unique\u00a0Train &amp; Aventure G\u00e9ologique, propos\u00e9e par la Maison de la Terre en partenariat avec le Train Thur Doller Alsace. Ce billet combin\u00e9 allie un trajet en train historique \u00e0 une immersion g\u00e9ologique de 3h30.<\/p>\n<p>Au programme : visite de la grotte aux loups et du mus\u00e9e, d\u00e9couverte des richesses g\u00e9ologiques naturelles locales.<\/p>\n<p>Tout public. Tarifs\u00a0: adulte 16 \u20ac, enfant de 4 \u00e0 13 ans 12 \u20ac.<\/p>\n<p><strong>Plus de renseignements et r\u00e9servations 06 04 46 48 60 ou <\/strong><a href=\"https:\/\/www.train-doller.org\/billetterie\/\"><strong>https:\/\/www.train-doller.org\/billetterie\/<\/strong><\/a><\/p>\n<p>&nbsp;<\/p>\n","protected":false},"excerpt":{"rendered":"<p>Bonjour \u00e0 toutes et tous ! L&rsquo;\u00e9t\u00e9 se termine mais nos activit\u00e9s de d\u00e9couverte se poursuivent en ce mois de septembre. Ci-dessous le programme complet ! Toujours sur r\u00e9servation au 06 47 29 16 20 (sauf contre-indiqu\u00e9) &nbsp; Dimanche 06 septembre : Balade \u00e0 remonter le temps\u00a0sur le sentier g\u00e9ologique de Sentheim Site class\u00e9 3 [&hellip;]<\/p>\n","protected":false},"author":2,"featured_media":5822,"comment_status":"closed","ping_status":"open","sticky":false,"template":"","format":"standard","meta":{"footnotes":""},"categories":[2],"tags":[],"class_list":["post-5845","post","type-post","status-publish","format-standard","has-post-thumbnail","hentry","category-fil-dinfos"],"yoast_head":"<!-- This site is optimized with the Yoast SEO plugin v25.5 - https:\/\/yoast.com\/wordpress\/plugins\/seo\/ -->\n<title>Programme Maison de la Terre septembre - Bourbach-le-Bas<\/title>\n<meta name=\"robots\" content=\"index, follow, max-snippet:-1, max-image-preview:large, max-video-preview:-1\" \/>\n<link rel=\"canonical\" href=\"https:\/\/bourbach-le-bas.fr\/index.php\/2026\/09\/01\/programme-maison-de-la-terre-septembre\/\" \/>\n<meta property=\"og:locale\" content=\"fr_FR\" \/>\n<meta property=\"og:type\" content=\"article\" \/>\n<meta property=\"og:title\" content=\"Programme Maison de la Terre septembre - Bourbach-le-Bas\" \/>\n<meta property=\"og:description\" content=\"Bonjour \u00e0 toutes et tous ! L&rsquo;\u00e9t\u00e9 se termine mais nos activit\u00e9s de d\u00e9couverte se poursuivent en ce mois de septembre. Ci-dessous le programme complet ! Toujours sur r\u00e9servation au 06 47 29 16 20 (sauf contre-indiqu\u00e9) &nbsp; Dimanche 06 septembre : Balade \u00e0 remonter le temps\u00a0sur le sentier g\u00e9ologique de Sentheim Site class\u00e9 3 [&hellip;]\" \/>\n<meta property=\"og:url\" content=\"https:\/\/bourbach-le-bas.fr\/index.php\/2026\/09\/01\/programme-maison-de-la-terre-septembre\/\" \/>\n<meta property=\"og:site_name\" content=\"Bourbach-le-Bas\" \/>\n<meta property=\"article:published_time\" content=\"2026-09-01T14:17:50+00:00\" \/>\n<meta property=\"article:modified_time\" content=\"2026-09-01T14:18:01+00:00\" \/>\n<meta property=\"og:image\" content=\"https:\/\/bourbach-le-bas.fr\/wp-content\/uploads\/2026\/08\/maison-de-la-terre-2.png\" \/>\n\t<meta property=\"og:image:width\" content=\"250\" \/>\n\t<meta property=\"og:image:height\" content=\"167\" \/>\n\t<meta property=\"og:image:type\" content=\"image\/png\" \/>\n<meta name=\"author\" content=\"mairie\" \/>\n<meta name=\"twitter:card\" content=\"summary_large_image\" \/>\n<meta name=\"twitter:label1\" content=\"\u00c9crit par\" \/>\n\t<meta name=\"twitter:data1\" content=\"mairie\" \/>\n\t<meta name=\"twitter:label2\" content=\"Dur\u00e9e de lecture estim\u00e9e\" \/>\n\t<meta name=\"twitter:data2\" content=\"3 minutes\" \/>\n<script type=\"application\/ld+json\" class=\"yoast-schema-graph\">{\"@context\":\"https:\/\/schema.org\",\"@graph\":[{\"@type\":\"WebPage\",\"@id\":\"https:\/\/bourbach-le-bas.fr\/index.php\/2026\/09\/01\/programme-maison-de-la-terre-septembre\/\",\"url\":\"https:\/\/bourbach-le-bas.fr\/index.php\/2026\/09\/01\/programme-maison-de-la-terre-septembre\/\",\"name\":\"Programme Maison de la Terre septembre - Bourbach-le-Bas\",\"isPartOf\":{\"@id\":\"https:\/\/bourbach-le-bas.fr\/#website\"},\"primaryImageOfPage\":{\"@id\":\"https:\/\/bourbach-le-bas.fr\/index.php\/2026\/09\/01\/programme-maison-de-la-terre-septembre\/#primaryimage\"},\"image\":{\"@id\":\"https:\/\/bourbach-le-bas.fr\/index.php\/2026\/09\/01\/programme-maison-de-la-terre-septembre\/#primaryimage\"},\"thumbnailUrl\":\"https:\/\/bourbach-le-bas.fr\/wp-content\/uploads\/2026\/08\/maison-de-la-terre-2.png\",\"datePublished\":\"2026-09-01T14:17:50+00:00\",\"dateModified\":\"2026-09-01T14:18:01+00:00\",\"author\":{\"@id\":\"https:\/\/bourbach-le-bas.fr\/#\/schema\/person\/3f52f6c9f54c1160b8d92c6c70ff2ec8\"},\"breadcrumb\":{\"@id\":\"https:\/\/bourbach-le-bas.fr\/index.php\/2026\/09\/01\/programme-maison-de-la-terre-septembre\/#breadcrumb\"},\"inLanguage\":\"fr-FR\",\"potentialAction\":[{\"@type\":\"ReadAction\",\"target\":[\"https:\/\/bourbach-le-bas.fr\/index.php\/2026\/09\/01\/programme-maison-de-la-terre-septembre\/\"]}]},{\"@type\":\"ImageObject\",\"inLanguage\":\"fr-FR\",\"@id\":\"https:\/\/bourbach-le-bas.fr\/index.php\/2026\/09\/01\/programme-maison-de-la-terre-septembre\/#primaryimage\",\"url\":\"https:\/\/bourbach-le-bas.fr\/wp-content\/uploads\/2026\/08\/maison-de-la-terre-2.png\",\"contentUrl\":\"https:\/\/bourbach-le-bas.fr\/wp-content\/uploads\/2026\/08\/maison-de-la-terre-2.png\",\"width\":250,\"height\":167},{\"@type\":\"BreadcrumbList\",\"@id\":\"https:\/\/bourbach-le-bas.fr\/index.php\/2026\/09\/01\/programme-maison-de-la-terre-septembre\/#breadcrumb\",\"itemListElement\":[{\"@type\":\"ListItem\",\"position\":1,\"name\":\"Accueil\",\"item\":\"https:\/\/bourbach-le-bas.fr\/index.php\/accueil\/\"},{\"@type\":\"ListItem\",\"position\":2,\"name\":\"Programme Maison de la Terre septembre\"}]},{\"@type\":\"WebSite\",\"@id\":\"https:\/\/bourbach-le-bas.fr\/#website\",\"url\":\"https:\/\/bourbach-le-bas.fr\/\",\"name\":\"Bourbach-le-Bas\",\"description\":\"\",\"potentialAction\":[{\"@type\":\"SearchAction\",\"target\":{\"@type\":\"EntryPoint\",\"urlTemplate\":\"https:\/\/bourbach-le-bas.fr\/?s={search_term_string}\"},\"query-input\":{\"@type\":\"PropertyValueSpecification\",\"valueRequired\":true,\"valueName\":\"search_term_string\"}}],\"inLanguage\":\"fr-FR\"},{\"@type\":\"Person\",\"@id\":\"https:\/\/bourbach-le-bas.fr\/#\/schema\/person\/3f52f6c9f54c1160b8d92c6c70ff2ec8\",\"name\":\"mairie\",\"url\":\"https:\/\/bourbach-le-bas.fr\/index.php\/author\/mairie\/\"}]}<\/script>\n<!-- \/ Yoast SEO plugin. -->","yoast_head_json":{"title":"Programme Maison de la Terre septembre - Bourbach-le-Bas","robots":{"index":"index","follow":"follow","max-snippet":"max-snippet:-1","max-image-preview":"max-image-preview:large","max-video-preview":"max-video-preview:-1"},"canonical":"https:\/\/bourbach-le-bas.fr\/index.php\/2026\/09\/01\/programme-maison-de-la-terre-septembre\/","og_locale":"fr_FR","og_type":"article","og_title":"Programme Maison de la Terre septembre - Bourbach-le-Bas","og_description":"Bonjour \u00e0 toutes et tous ! L&rsquo;\u00e9t\u00e9 se termine mais nos activit\u00e9s de d\u00e9couverte se poursuivent en ce mois de septembre. Ci-dessous le programme complet ! Toujours sur r\u00e9servation au 06 47 29 16 20 (sauf contre-indiqu\u00e9) &nbsp; Dimanche 06 septembre : Balade \u00e0 remonter le temps\u00a0sur le sentier g\u00e9ologique de Sentheim Site class\u00e9 3 [&hellip;]","og_url":"https:\/\/bourbach-le-bas.fr\/index.php\/2026\/09\/01\/programme-maison-de-la-terre-septembre\/","og_site_name":"Bourbach-le-Bas","article_published_time":"2026-09-01T14:17:50+00:00","article_modified_time":"2026-09-01T14:18:01+00:00","og_image":[{"width":250,"height":167,"url":"https:\/\/bourbach-le-bas.fr\/wp-content\/uploads\/2026\/08\/maison-de-la-terre-2.png","type":"image\/png"}],"author":"mairie","twitter_card":"summary_large_image","twitter_misc":{"\u00c9crit par":"mairie","Dur\u00e9e de lecture estim\u00e9e":"3 minutes"},"schema":{"@context":"https:\/\/schema.org","@graph":[{"@type":"WebPage","@id":"https:\/\/bourbach-le-bas.fr\/index.php\/2026\/09\/01\/programme-maison-de-la-terre-septembre\/","url":"https:\/\/bourbach-le-bas.fr\/index.php\/2026\/09\/01\/programme-maison-de-la-terre-septembre\/","name":"Programme Maison de la Terre septembre - Bourbach-le-Bas","isPartOf":{"@id":"https:\/\/bourbach-le-bas.fr\/#website"},"primaryImageOfPage":{"@id":"https:\/\/bourbach-le-bas.fr\/index.php\/2026\/09\/01\/programme-maison-de-la-terre-septembre\/#primaryimage"},"image":{"@id":"https:\/\/bourbach-le-bas.fr\/index.php\/2026\/09\/01\/programme-maison-de-la-terre-septembre\/#primaryimage"},"thumbnailUrl":"https:\/\/bourbach-le-bas.fr\/wp-content\/uploads\/2026\/08\/maison-de-la-terre-2.png","datePublished":"2026-09-01T14:17:50+00:00","dateModified":"2026-09-01T14:18:01+00:00","author":{"@id":"https:\/\/bourbach-le-bas.fr\/#\/schema\/person\/3f52f6c9f54c1160b8d92c6c70ff2ec8"},"breadcrumb":{"@id":"https:\/\/bourbach-le-bas.fr\/index.php\/2026\/09\/01\/programme-maison-de-la-terre-septembre\/#breadcrumb"},"inLanguage":"fr-FR","potentialAction":[{"@type":"ReadAction","target":["https:\/\/bourbach-le-bas.fr\/index.php\/2026\/09\/01\/programme-maison-de-la-terre-septembre\/"]}]},{"@type":"ImageObject","inLanguage":"fr-FR","@id":"https:\/\/bourbach-le-bas.fr\/index.php\/2026\/09\/01\/programme-maison-de-la-terre-septembre\/#primaryimage","url":"https:\/\/bourbach-le-bas.fr\/wp-content\/uploads\/2026\/08\/maison-de-la-terre-2.png","contentUrl":"https:\/\/bourbach-le-bas.fr\/wp-content\/uploads\/2026\/08\/maison-de-la-terre-2.png","width":250,"height":167},{"@type":"BreadcrumbList","@id":"https:\/\/bourbach-le-bas.fr\/index.php\/2026\/09\/01\/programme-maison-de-la-terre-septembre\/#breadcrumb","itemListElement":[{"@type":"ListItem","position":1,"name":"Accueil","item":"https:\/\/bourbach-le-bas.fr\/index.php\/accueil\/"},{"@type":"ListItem","position":2,"name":"Programme Maison de la Terre septembre"}]},{"@type":"WebSite","@id":"https:\/\/bourbach-le-bas.fr\/#website","url":"https:\/\/bourbach-le-bas.fr\/","name":"Bourbach-le-Bas","description":"","potentialAction":[{"@type":"SearchAction","target":{"@type":"EntryPoint","urlTemplate":"https:\/\/bourbach-le-bas.fr\/?s={search_term_string}"},"query-input":{"@type":"PropertyValueSpecification","valueRequired":true,"valueName":"search_term_string"}}],"inLanguage":"fr-FR"},{"@type":"Person","@id":"https:\/\/bourbach-le-bas.fr\/#\/schema\/person\/3f52f6c9f54c1160b8d92c6c70ff2ec8","name":"mairie","url":"https:\/\/bourbach-le-bas.fr\/index.php\/author\/mairie\/"}]}},"_links":{"self":[{"href":"https:\/\/bourbach-le-bas.fr\/index.php\/wp-json\/wp\/v2\/posts\/5845","targetHints":{"allow":["GET"]}}],"collection":[{"href":"https:\/\/bourbach-le-bas.fr\/index.php\/wp-json\/wp\/v2\/posts"}],"about":[{"href":"https:\/\/bourbach-le-bas.fr\/index.php\/wp-json\/wp\/v2\/types\/post"}],"author":[{"embeddable":true,"href":"https:\/\/bourbach-le-bas.fr\/index.php\/wp-json\/wp\/v2\/users\/2"}],"replies":[{"embeddable":true,"href":"https:\/\/bourbach-le-bas.fr\/index.php\/wp-json\/wp\/v2\/comments?post=5845"}],"version-history":[{"count":2,"href":"https:\/\/bourbach-le-bas.fr\/index.php\/wp-json\/wp\/v2\/posts\/5845\/revisions"}],"predecessor-version":[{"id":5847,"href":"https:\/\/bourbach-le-bas.fr\/index.php\/wp-json\/wp\/v2\/posts\/5845\/revisions\/5847"}],"wp:featuredmedia":[{"embeddable":true,"href":"https:\/\/bourbach-le-bas.fr\/index.php\/wp-json\/wp\/v2\/media\/5822"}],"wp:attachment":[{"href":"https:\/\/bourbach-le-bas.fr\/index.php\/wp-json\/wp\/v2\/media?parent=5845"}],"wp:term":[{"taxonomy":"category","embeddable":true,"href":"https:\/\/bourbach-le-bas.fr\/index.php\/wp-json\/wp\/v2\/categories?post=5845"},{"taxonomy":"post_tag","embeddable":true,"href":"https:\/\/bourbach-le-bas.fr\/index.php\/wp-json\/wp\/v2\/tags?post=5845"}],"curies":[{"name":"wp","href":"https:\/\/api.w.org\/{rel}","templated":true}]}}