{"id":582,"date":"2019-06-27T12:30:34","date_gmt":"2019-06-27T12:30:34","guid":{"rendered":"http:\/\/bourbach-le-bas.activemedia.fr\/?p=582"},"modified":"2025-08-21T08:20:09","modified_gmt":"2025-08-21T08:20:09","slug":"origine-du-lieu-dit-herrahof-la-cour-des-seigneurs","status":"publish","type":"post","link":"https:\/\/bourbach-le-bas.fr\/index.php\/2019\/06\/27\/origine-du-lieu-dit-herrahof-la-cour-des-seigneurs\/","title":{"rendered":"Origine du lieu-dit \u00abHerrahof\u00bb (La cour des Seigneurs)"},"content":{"rendered":"<p><strong>1567<\/strong>\u00a0\u2013 En cette ann\u00e9e a eu lieu le renouvellement g\u00e9n\u00e9ral de l\u2019\u00e9tat des biens et rentes de la noble abbaye de Masevaux, seigneurie dont fait partie Bourbach-le-Bas. Ce document compte aussi le recensement fait au village les 13 et 14 juin 1569 par les responsables de l\u2019op\u00e9ration avec l\u2019aide des habitants, \u00e0 savoir Claus Tschierhart, Hanns Welsch, Ludwig Kachler, Claus Ehrhardt, Hanns Gullin, Claus Ruotchen en tant que jur\u00e9s.<\/p>\n<p>&nbsp;<\/p>\n<p>Voici la liste des redevables avec leur num\u00e9ro d\u2019ordre\u00a0:<\/p>\n<p>302 Les h\u00e9ritiers de Caspar Koenig\u00a0\u00a0\u00a0\u00a0\u00a0\u00a0\u00a0\u00a0\u00a0\u00a0\u00a0\u00a0\u00a0\u00a0\u00a0\u00a0\u00a0\u00a0\u00a0\u00a0 318 Claus Ruotch<\/p>\n<p>303 Georg Bissantz\u00a0\u00a0\u00a0\u00a0\u00a0\u00a0\u00a0\u00a0\u00a0\u00a0\u00a0\u00a0\u00a0\u00a0\u00a0\u00a0\u00a0\u00a0\u00a0\u00a0\u00a0\u00a0\u00a0\u00a0\u00a0\u00a0\u00a0\u00a0\u00a0\u00a0\u00a0\u00a0\u00a0\u00a0\u00a0\u00a0 319 Hanns Grotschann<\/p>\n<p>304 Thenige Kachler\u00a0\u00a0\u00a0\u00a0\u00a0\u00a0\u00a0\u00a0\u00a0\u00a0\u00a0\u00a0\u00a0\u00a0\u00a0\u00a0\u00a0\u00a0\u00a0\u00a0\u00a0\u00a0\u00a0\u00a0\u00a0\u00a0\u00a0\u00a0\u00a0\u00a0\u00a0\u00a0\u00a0\u00a0\u00a0\u00a0320 Bastian Petter<\/p>\n<p>305 Hanns Bissantz\u00a0\u00a0\u00a0\u00a0\u00a0\u00a0\u00a0\u00a0\u00a0\u00a0\u00a0\u00a0\u00a0\u00a0\u00a0\u00a0\u00a0\u00a0\u00a0\u00a0\u00a0\u00a0\u00a0\u00a0\u00a0\u00a0\u00a0\u00a0\u00a0\u00a0\u00a0\u00a0\u00a0\u00a0\u00a0\u00a0\u00a0321 Philips Weber<\/p>\n<p>306 Melchior Jehn\u00a0\u00a0\u00a0\u00a0\u00a0\u00a0\u00a0\u00a0\u00a0\u00a0\u00a0\u00a0\u00a0\u00a0\u00a0\u00a0\u00a0\u00a0\u00a0\u00a0\u00a0\u00a0\u00a0\u00a0\u00a0\u00a0\u00a0\u00a0\u00a0\u00a0\u00a0\u00a0\u00a0\u00a0\u00a0\u00a0\u00a0 322 Dieboldt Kachler<\/p>\n<p>307 Georg Zschierhardt\u00a0\u00a0\u00a0\u00a0\u00a0\u00a0\u00a0\u00a0\u00a0\u00a0\u00a0\u00a0\u00a0\u00a0\u00a0\u00a0\u00a0\u00a0\u00a0\u00a0\u00a0\u00a0\u00a0\u00a0\u00a0\u00a0\u00a0\u00a0\u00a0\u00a0\u00a0\u00a0\u00a0323 Mathis Bisantz<\/p>\n<p>308 Jakob Yelsch\u00a0\u00a0\u00a0\u00a0\u00a0\u00a0\u00a0\u00a0\u00a0\u00a0\u00a0\u00a0\u00a0\u00a0\u00a0\u00a0\u00a0\u00a0\u00a0\u00a0\u00a0\u00a0\u00a0\u00a0\u00a0\u00a0\u00a0\u00a0\u00a0\u00a0\u00a0\u00a0\u00a0\u00a0\u00a0\u00a0\u00a0\u00a0\u00a0328 Hanns Gullin<\/p>\n<p>309 Hanns Ugelin\u00a0\u00a0\u00a0\u00a0\u00a0\u00a0\u00a0\u00a0\u00a0\u00a0\u00a0\u00a0\u00a0\u00a0\u00a0\u00a0\u00a0\u00a0\u00a0\u00a0\u00a0\u00a0\u00a0\u00a0\u00a0\u00a0\u00a0\u00a0\u00a0\u00a0\u00a0\u00a0\u00a0\u00a0\u00a0\u00a0\u00a0\u00a0\u00a0329 Peter Mulschey<\/p>\n<p>310 Hanns Franck\u00a0\u00a0\u00a0\u00a0\u00a0\u00a0\u00a0\u00a0\u00a0\u00a0\u00a0\u00a0\u00a0\u00a0\u00a0\u00a0\u00a0\u00a0\u00a0\u00a0\u00a0\u00a0\u00a0\u00a0\u00a0\u00a0\u00a0\u00a0\u00a0\u00a0\u00a0\u00a0\u00a0\u00a0\u00a0\u00a0\u00a0\u00a0 330 Junckherr Hanns Christhofen von Hagenbach<\/p>\n<p>311 Conrad Friedrich\u00a0\u00a0\u00a0\u00a0\u00a0\u00a0\u00a0\u00a0\u00a0\u00a0\u00a0\u00a0\u00a0\u00a0\u00a0\u00a0\u00a0\u00a0\u00a0\u00a0 \u00a0\u00a0\u00a0\u00a0\u00a0\u00a0\u00a0\u00a0\u00a0\u00a0\u00a0\u00a0\u00a0\u00a0331 La commune de Bourbach le Bas<\/p>\n<p>312 Hanns Bisantz\u00a0\u00a0\u00a0\u00a0\u00a0\u00a0\u00a0\u00a0\u00a0\u00a0\u00a0\u00a0\u00a0\u00a0\u00a0\u00a0\u00a0\u00a0\u00a0\u00a0\u00a0\u00a0\u00a0\u00a0\u00a0\u00a0\u00a0\u00a0\u00a0\u00a0\u00a0\u00a0\u00a0\u00a0\u00a0\u00a0\u00a0\u00a0334 Gilg Haffner, Maire seigneurial<\/p>\n<p>313 Claus Zschierhard<\/p>\n<p>315 Mathis Kachler<\/p>\n<p>316 Claus Reychardt<\/p>\n<p>317 Ludwig Kachler<\/p>\n<p>Le village est alors habit\u00e9 par 20 foyers fiscaux dont il ne reste \u00e0 l\u2019heure actuelle que deux familles\u00a0: les Jenn et les Gulling qui, depuis plus de 450 ans, sont rest\u00e9es pr\u00e9sentes.<\/p>\n<p>Mais parmi tous ces contribuables, notre attention va se porter plus particuli\u00e8rement sur l\u2019assujetti n\u00b0 330, le noble Hanns Christhofen von Hagenbach qui est impos\u00e9 pour l\u2019exploitation de 8 parcelles de terres cultiv\u00e9es.<\/p>\n<p>Cette liste fiscale va nous permettre de d\u00e9terminer l\u2019origine de l\u2019appellation du lieu-dit \u00ab\u00a0Herrahof\u00a0\u00bb, origine qui a toujours sembl\u00e9 myst\u00e9rieuse aux habitants de la commune.<\/p>\n<p>La pr\u00e9sence de l\u2019exploitation agricole de Junckherr en est tr\u00e8s certainement la cause. La disposition des immeubles telle qu\u2019elle appara\u00eet encore sur le plan cadastral de 1893 \u00e9voque la g\u00e9ographie typique d\u2019une ancienne ferme alsacienne, d\u2019un \u00abHof\u00bb exploit\u00e9 par le noble assujetti. Le \u00ab\u00a0Hof\u00a0\u00bb est en effet le terme al\u00e9manique qui d\u00e9signe une propri\u00e9t\u00e9 rurale, d\u00e9nomination que portent les propri\u00e9taires en dehors de leur patronyme\u00a0: c\u2019est le \u00ab\u00a0Hofnahme\u00a0\u00bb qui se transmet de g\u00e9n\u00e9ration en g\u00e9n\u00e9ration et encore de nos jours.<\/p>\n<p>Cette th\u00e8se est confort\u00e9e par le fait que la puissante famille des Hagenbach, r\u00e9v\u00e9l\u00e9e au XIII<sup>e<\/sup>si\u00e8cle, poss\u00e8de des droits sur les hommes de Saint L\u00e9ger, saint patron de l\u2019abbaye de Masevaux, c\u2019est-\u00e0-dire qu\u2019elle b\u00e9n\u00e9ficie d\u2019une main-d\u2019\u0153uvre gratuite que doivent lui fournir les sujets de la seigneurie dont notre village fait partie.<\/p>\n<p>Hanns Christhofen von Hagenbach n\u2019est pas un descendant du c\u00e9l\u00e8bre Peter von Hagenbach avec lequel il a cependant des anc\u00eatres communs. Il appartient \u00e0 une branche lat\u00e9rale dite des Hagenbach-Butweiller car ils poss\u00e8dent \u00e9galement des droits sur ce village, nomm\u00e9 aujourd\u2019hui Buethwiller, petite localit\u00e9 voisine au nord de Hagenbach. Il a pour \u00e9pouse Ottilia Waldner von Freudenstein. En 1573, il va habiter Ensisheim o\u00f9 il a \u00e9t\u00e9 nomm\u00e9 Stadtvogt (avou\u00e9) et il d\u00e9c\u00e8dera en 1592. Cette lign\u00e9e va s\u2019\u00e9teindre avec la derni\u00e8re l\u00e9gataire universelle qui sera Maria Anna von Hagenbach, abbesse de l\u2019abbaye de Masevaux \u00e9lue en 1756.<\/p>\n<p>La possession de la ferme seigneuriale de Bourbach-le-Bas par Hanns Christhofen von Hagenbach ainsi que la direction de l\u2019abbaye par Maria Anna von Hagenbach illustrent bien les relations \u00e9troites de cette famille avec la seigneurie masopolitaine.<\/p>\n<p>En conclusion, le \u00abHerrahof\u00bb n\u2019est pas l\u2019ancienne cour d\u2019un ch\u00e2teau mais plus prosa\u00efquement une ferme seigneuriale.<\/p>\n<p>Jean Lauter<\/p>\n<p>Sources\u00a0: Bergha N\u00b0 71, page 1569 \u2013 Texte du renouvellement des biens et rentes.<\/p>\n<p>Das Sundgauerdorf Hagenbach, par Oscar Zink \u2013 1964<\/p>\n<p>Histoire de Masevaux et son abbaye, par Pirmin Tresch.<\/p>\n","protected":false},"excerpt":{"rendered":"<p>1567\u00a0\u2013 En cette ann\u00e9e a eu lieu le renouvellement g\u00e9n\u00e9ral de l\u2019\u00e9tat des biens et rentes de la noble abbaye de Masevaux, seigneurie dont fait partie Bourbach-le-Bas. Ce document compte aussi le recensement fait au village les 13 et 14 juin 1569 par les responsables de l\u2019op\u00e9ration avec l\u2019aide des habitants, \u00e0 savoir Claus Tschierhart, [&hellip;]<\/p>\n","protected":false},"author":1,"featured_media":583,"comment_status":"closed","ping_status":"open","sticky":false,"template":"","format":"standard","meta":{"footnotes":""},"categories":[4],"tags":[],"class_list":["post-582","post","type-post","status-publish","format-standard","has-post-thumbnail","hentry","category-historique"],"yoast_head":"<!-- This site is optimized with the Yoast SEO plugin v25.5 - https:\/\/yoast.com\/wordpress\/plugins\/seo\/ -->\n<title>Origine du lieu-dit \u00abHerrahof\u00bb (La cour des Seigneurs) - Bourbach-le-Bas<\/title>\n<meta name=\"robots\" content=\"index, follow, max-snippet:-1, max-image-preview:large, max-video-preview:-1\" \/>\n<link rel=\"canonical\" href=\"https:\/\/bourbach-le-bas.fr\/index.php\/2019\/06\/27\/origine-du-lieu-dit-herrahof-la-cour-des-seigneurs\/\" \/>\n<meta property=\"og:locale\" content=\"fr_FR\" \/>\n<meta property=\"og:type\" content=\"article\" \/>\n<meta property=\"og:title\" content=\"Origine du lieu-dit \u00abHerrahof\u00bb (La cour des Seigneurs) - Bourbach-le-Bas\" \/>\n<meta property=\"og:description\" content=\"1567\u00a0\u2013 En cette ann\u00e9e a eu lieu le renouvellement g\u00e9n\u00e9ral de l\u2019\u00e9tat des biens et rentes de la noble abbaye de Masevaux, seigneurie dont fait partie Bourbach-le-Bas. Ce document compte aussi le recensement fait au village les 13 et 14 juin 1569 par les responsables de l\u2019op\u00e9ration avec l\u2019aide des habitants, \u00e0 savoir Claus Tschierhart, [&hellip;]\" \/>\n<meta property=\"og:url\" content=\"https:\/\/bourbach-le-bas.fr\/index.php\/2019\/06\/27\/origine-du-lieu-dit-herrahof-la-cour-des-seigneurs\/\" \/>\n<meta property=\"og:site_name\" content=\"Bourbach-le-Bas\" \/>\n<meta property=\"article:published_time\" content=\"2019-06-27T12:30:34+00:00\" \/>\n<meta property=\"article:modified_time\" content=\"2025-08-21T08:20:09+00:00\" \/>\n<meta property=\"og:image\" content=\"https:\/\/bourbach-le-bas.fr\/wp-content\/uploads\/2019\/06\/Scan0001-218x300.jpg\" \/>\n\t<meta property=\"og:image:width\" content=\"218\" \/>\n\t<meta property=\"og:image:height\" content=\"300\" \/>\n\t<meta property=\"og:image:type\" content=\"image\/jpeg\" \/>\n<meta name=\"author\" content=\"admin\" \/>\n<meta name=\"twitter:card\" content=\"summary_large_image\" \/>\n<meta name=\"twitter:label1\" content=\"\u00c9crit par\" \/>\n\t<meta name=\"twitter:data1\" content=\"admin\" \/>\n\t<meta name=\"twitter:label2\" content=\"Dur\u00e9e de lecture estim\u00e9e\" \/>\n\t<meta name=\"twitter:data2\" content=\"4 minutes\" \/>\n<script type=\"application\/ld+json\" class=\"yoast-schema-graph\">{\"@context\":\"https:\/\/schema.org\",\"@graph\":[{\"@type\":\"WebPage\",\"@id\":\"https:\/\/bourbach-le-bas.fr\/index.php\/2019\/06\/27\/origine-du-lieu-dit-herrahof-la-cour-des-seigneurs\/\",\"url\":\"https:\/\/bourbach-le-bas.fr\/index.php\/2019\/06\/27\/origine-du-lieu-dit-herrahof-la-cour-des-seigneurs\/\",\"name\":\"Origine du lieu-dit \u00abHerrahof\u00bb (La cour des Seigneurs) - Bourbach-le-Bas\",\"isPartOf\":{\"@id\":\"https:\/\/bourbach-le-bas.fr\/#website\"},\"primaryImageOfPage\":{\"@id\":\"https:\/\/bourbach-le-bas.fr\/index.php\/2019\/06\/27\/origine-du-lieu-dit-herrahof-la-cour-des-seigneurs\/#primaryimage\"},\"image\":{\"@id\":\"https:\/\/bourbach-le-bas.fr\/index.php\/2019\/06\/27\/origine-du-lieu-dit-herrahof-la-cour-des-seigneurs\/#primaryimage\"},\"thumbnailUrl\":\"https:\/\/bourbach-le-bas.fr\/wp-content\/uploads\/2019\/06\/Scan0001-218x300.jpg\",\"datePublished\":\"2019-06-27T12:30:34+00:00\",\"dateModified\":\"2025-08-21T08:20:09+00:00\",\"author\":{\"@id\":\"https:\/\/bourbach-le-bas.fr\/#\/schema\/person\/57b4354725742da12d8e08569d00e0c1\"},\"breadcrumb\":{\"@id\":\"https:\/\/bourbach-le-bas.fr\/index.php\/2019\/06\/27\/origine-du-lieu-dit-herrahof-la-cour-des-seigneurs\/#breadcrumb\"},\"inLanguage\":\"fr-FR\",\"potentialAction\":[{\"@type\":\"ReadAction\",\"target\":[\"https:\/\/bourbach-le-bas.fr\/index.php\/2019\/06\/27\/origine-du-lieu-dit-herrahof-la-cour-des-seigneurs\/\"]}]},{\"@type\":\"ImageObject\",\"inLanguage\":\"fr-FR\",\"@id\":\"https:\/\/bourbach-le-bas.fr\/index.php\/2019\/06\/27\/origine-du-lieu-dit-herrahof-la-cour-des-seigneurs\/#primaryimage\",\"url\":\"https:\/\/bourbach-le-bas.fr\/wp-content\/uploads\/2019\/06\/Scan0001-218x300.jpg\",\"contentUrl\":\"https:\/\/bourbach-le-bas.fr\/wp-content\/uploads\/2019\/06\/Scan0001-218x300.jpg\",\"width\":218,\"height\":300},{\"@type\":\"BreadcrumbList\",\"@id\":\"https:\/\/bourbach-le-bas.fr\/index.php\/2019\/06\/27\/origine-du-lieu-dit-herrahof-la-cour-des-seigneurs\/#breadcrumb\",\"itemListElement\":[{\"@type\":\"ListItem\",\"position\":1,\"name\":\"Accueil\",\"item\":\"https:\/\/bourbach-le-bas.fr\/index.php\/accueil\/\"},{\"@type\":\"ListItem\",\"position\":2,\"name\":\"Origine du lieu-dit \u00abHerrahof\u00bb (La cour des Seigneurs)\"}]},{\"@type\":\"WebSite\",\"@id\":\"https:\/\/bourbach-le-bas.fr\/#website\",\"url\":\"https:\/\/bourbach-le-bas.fr\/\",\"name\":\"Bourbach-le-Bas\",\"description\":\"\",\"potentialAction\":[{\"@type\":\"SearchAction\",\"target\":{\"@type\":\"EntryPoint\",\"urlTemplate\":\"https:\/\/bourbach-le-bas.fr\/?s={search_term_string}\"},\"query-input\":{\"@type\":\"PropertyValueSpecification\",\"valueRequired\":true,\"valueName\":\"search_term_string\"}}],\"inLanguage\":\"fr-FR\"},{\"@type\":\"Person\",\"@id\":\"https:\/\/bourbach-le-bas.fr\/#\/schema\/person\/57b4354725742da12d8e08569d00e0c1\",\"name\":\"admin\",\"url\":\"https:\/\/bourbach-le-bas.fr\/index.php\/author\/admin\/\"}]}<\/script>\n<!-- \/ Yoast SEO plugin. -->","yoast_head_json":{"title":"Origine du lieu-dit \u00abHerrahof\u00bb (La cour des Seigneurs) - Bourbach-le-Bas","robots":{"index":"index","follow":"follow","max-snippet":"max-snippet:-1","max-image-preview":"max-image-preview:large","max-video-preview":"max-video-preview:-1"},"canonical":"https:\/\/bourbach-le-bas.fr\/index.php\/2019\/06\/27\/origine-du-lieu-dit-herrahof-la-cour-des-seigneurs\/","og_locale":"fr_FR","og_type":"article","og_title":"Origine du lieu-dit \u00abHerrahof\u00bb (La cour des Seigneurs) - Bourbach-le-Bas","og_description":"1567\u00a0\u2013 En cette ann\u00e9e a eu lieu le renouvellement g\u00e9n\u00e9ral de l\u2019\u00e9tat des biens et rentes de la noble abbaye de Masevaux, seigneurie dont fait partie Bourbach-le-Bas. Ce document compte aussi le recensement fait au village les 13 et 14 juin 1569 par les responsables de l\u2019op\u00e9ration avec l\u2019aide des habitants, \u00e0 savoir Claus Tschierhart, [&hellip;]","og_url":"https:\/\/bourbach-le-bas.fr\/index.php\/2019\/06\/27\/origine-du-lieu-dit-herrahof-la-cour-des-seigneurs\/","og_site_name":"Bourbach-le-Bas","article_published_time":"2019-06-27T12:30:34+00:00","article_modified_time":"2025-08-21T08:20:09+00:00","og_image":[{"width":218,"height":300,"url":"https:\/\/bourbach-le-bas.fr\/wp-content\/uploads\/2019\/06\/Scan0001-218x300.jpg","type":"image\/jpeg"}],"author":"admin","twitter_card":"summary_large_image","twitter_misc":{"\u00c9crit par":"admin","Dur\u00e9e de lecture estim\u00e9e":"4 minutes"},"schema":{"@context":"https:\/\/schema.org","@graph":[{"@type":"WebPage","@id":"https:\/\/bourbach-le-bas.fr\/index.php\/2019\/06\/27\/origine-du-lieu-dit-herrahof-la-cour-des-seigneurs\/","url":"https:\/\/bourbach-le-bas.fr\/index.php\/2019\/06\/27\/origine-du-lieu-dit-herrahof-la-cour-des-seigneurs\/","name":"Origine du lieu-dit \u00abHerrahof\u00bb (La cour des Seigneurs) - Bourbach-le-Bas","isPartOf":{"@id":"https:\/\/bourbach-le-bas.fr\/#website"},"primaryImageOfPage":{"@id":"https:\/\/bourbach-le-bas.fr\/index.php\/2019\/06\/27\/origine-du-lieu-dit-herrahof-la-cour-des-seigneurs\/#primaryimage"},"image":{"@id":"https:\/\/bourbach-le-bas.fr\/index.php\/2019\/06\/27\/origine-du-lieu-dit-herrahof-la-cour-des-seigneurs\/#primaryimage"},"thumbnailUrl":"https:\/\/bourbach-le-bas.fr\/wp-content\/uploads\/2019\/06\/Scan0001-218x300.jpg","datePublished":"2019-06-27T12:30:34+00:00","dateModified":"2025-08-21T08:20:09+00:00","author":{"@id":"https:\/\/bourbach-le-bas.fr\/#\/schema\/person\/57b4354725742da12d8e08569d00e0c1"},"breadcrumb":{"@id":"https:\/\/bourbach-le-bas.fr\/index.php\/2019\/06\/27\/origine-du-lieu-dit-herrahof-la-cour-des-seigneurs\/#breadcrumb"},"inLanguage":"fr-FR","potentialAction":[{"@type":"ReadAction","target":["https:\/\/bourbach-le-bas.fr\/index.php\/2019\/06\/27\/origine-du-lieu-dit-herrahof-la-cour-des-seigneurs\/"]}]},{"@type":"ImageObject","inLanguage":"fr-FR","@id":"https:\/\/bourbach-le-bas.fr\/index.php\/2019\/06\/27\/origine-du-lieu-dit-herrahof-la-cour-des-seigneurs\/#primaryimage","url":"https:\/\/bourbach-le-bas.fr\/wp-content\/uploads\/2019\/06\/Scan0001-218x300.jpg","contentUrl":"https:\/\/bourbach-le-bas.fr\/wp-content\/uploads\/2019\/06\/Scan0001-218x300.jpg","width":218,"height":300},{"@type":"BreadcrumbList","@id":"https:\/\/bourbach-le-bas.fr\/index.php\/2019\/06\/27\/origine-du-lieu-dit-herrahof-la-cour-des-seigneurs\/#breadcrumb","itemListElement":[{"@type":"ListItem","position":1,"name":"Accueil","item":"https:\/\/bourbach-le-bas.fr\/index.php\/accueil\/"},{"@type":"ListItem","position":2,"name":"Origine du lieu-dit \u00abHerrahof\u00bb (La cour des Seigneurs)"}]},{"@type":"WebSite","@id":"https:\/\/bourbach-le-bas.fr\/#website","url":"https:\/\/bourbach-le-bas.fr\/","name":"Bourbach-le-Bas","description":"","potentialAction":[{"@type":"SearchAction","target":{"@type":"EntryPoint","urlTemplate":"https:\/\/bourbach-le-bas.fr\/?s={search_term_string}"},"query-input":{"@type":"PropertyValueSpecification","valueRequired":true,"valueName":"search_term_string"}}],"inLanguage":"fr-FR"},{"@type":"Person","@id":"https:\/\/bourbach-le-bas.fr\/#\/schema\/person\/57b4354725742da12d8e08569d00e0c1","name":"admin","url":"https:\/\/bourbach-le-bas.fr\/index.php\/author\/admin\/"}]}},"_links":{"self":[{"href":"https:\/\/bourbach-le-bas.fr\/index.php\/wp-json\/wp\/v2\/posts\/582","targetHints":{"allow":["GET"]}}],"collection":[{"href":"https:\/\/bourbach-le-bas.fr\/index.php\/wp-json\/wp\/v2\/posts"}],"about":[{"href":"https:\/\/bourbach-le-bas.fr\/index.php\/wp-json\/wp\/v2\/types\/post"}],"author":[{"embeddable":true,"href":"https:\/\/bourbach-le-bas.fr\/index.php\/wp-json\/wp\/v2\/users\/1"}],"replies":[{"embeddable":true,"href":"https:\/\/bourbach-le-bas.fr\/index.php\/wp-json\/wp\/v2\/comments?post=582"}],"version-history":[{"count":2,"href":"https:\/\/bourbach-le-bas.fr\/index.php\/wp-json\/wp\/v2\/posts\/582\/revisions"}],"predecessor-version":[{"id":5092,"href":"https:\/\/bourbach-le-bas.fr\/index.php\/wp-json\/wp\/v2\/posts\/582\/revisions\/5092"}],"wp:featuredmedia":[{"embeddable":true,"href":"https:\/\/bourbach-le-bas.fr\/index.php\/wp-json\/wp\/v2\/media\/583"}],"wp:attachment":[{"href":"https:\/\/bourbach-le-bas.fr\/index.php\/wp-json\/wp\/v2\/media?parent=582"}],"wp:term":[{"taxonomy":"category","embeddable":true,"href":"https:\/\/bourbach-le-bas.fr\/index.php\/wp-json\/wp\/v2\/categories?post=582"},{"taxonomy":"post_tag","embeddable":true,"href":"https:\/\/bourbach-le-bas.fr\/index.php\/wp-json\/wp\/v2\/tags?post=582"}],"curies":[{"name":"wp","href":"https:\/\/api.w.org\/{rel}","templated":true}]}}