{"id":574,"date":"2019-06-27T12:26:51","date_gmt":"2019-06-27T12:26:51","guid":{"rendered":"http:\/\/bourbach-le-bas.activemedia.fr\/?p=574"},"modified":"2019-07-03T12:34:36","modified_gmt":"2019-07-03T12:34:36","slug":"histoire-de-leglise","status":"publish","type":"post","link":"https:\/\/bourbach-le-bas.fr\/index.php\/2019\/06\/27\/histoire-de-leglise\/","title":{"rendered":"Histoire de l&rsquo;\u00e9glise de Bourbach-le-Bas"},"content":{"rendered":"<h2>Les origines<\/h2>\n<p><a class=\"cboxElement\" href=\"http:\/\/bourbach-le-bas.activemedia.fr\/wp-content\/uploads\/2019\/06\/Eglise1.png\"><img loading=\"lazy\" decoding=\"async\" class=\"alignleft size-medium wp-image-4668\" src=\"http:\/\/bourbach-le-bas.activemedia.fr\/wp-content\/uploads\/2019\/06\/Eglise1-260x300.png\" alt=\"Eglise1\" width=\"260\" height=\"300\" \/><\/a><\/p>\n<p>La guerre de Trente viens de s\u2019achever. L\u2019Alsace devient fran\u00e7aise.<\/p>\n<p><strong>1645<\/strong>\u00a0\u2013 En ces temps anciens, Bourbach-le-Bas est un petit hameau. Les habitants rel\u00e8vent de la paroisse St. Maurice de Guewenheim dont le cur\u00e9 Ringenbach, soucieux de reconstituer ses registres paroissiaux \u00ab\u00a0d\u00e9truits par fait de guerre\u00a0\u00bb nous apprend que notre village est dot\u00e9 d\u2019une chapelle plac\u00e9e sous la responsabilit\u00e9 de Jacob Haefele, Procureur charg\u00e9 de repr\u00e9senter les habitants aupr\u00e8s de l\u2019Abbaye de Masevaux.<\/p>\n<p>&nbsp;<\/p>\n<p><strong>1652<\/strong>&#8211; Une visite ecll\u00e9siastique dont le rapport original, transcrit par l\u2019Abbb\u00e9 Schikele, historien c\u00e9l\u00e8bre, nous apporte quelques lumi\u00e8res. Il \u00e9crit: \u00ab\u00a0la chapelle de Bourbach appartient au rectorat de l\u2019Abbaye de Masevaux. Elle est exempte de charges. L\u2019\u00e9difice a besoin de r\u00e9parations. Il y a trois autels consacr\u00e9s \u00e0 St. Apolinaire, \u00e0 la Vierge et \u00e0 St. Georges. Les trois ont leur tombeau bris\u00e9. Les offices sont c\u00e9l\u00e9br\u00e9s \u00e0 la D\u00e9dicace (le dimanche avant la Toussaint), \u00e0 la f\u00eate patronale et un dimanche tout les deux mois. Il n\u2019y a ni cloche, ni clocheton, ni registres de bapt\u00eame, mariage et d\u00e9c\u00e8s. Il faut ajouter qu\u2019elle est l\u2019annexe administrative de la paroisse de saint Maurice de Guewenheim. Le village compte alors trois bourgeois, douze communiant et vingt-neuf \u00e2mes.<\/p>\n<p><strong>1692<\/strong>\u00a0\u2013 A la demande de ses habitants, la commune devient annexe de l\u2019\u00e9glise St. Georges de Sentheim qui vient d\u2019\u00eatre construite. (C\u2019est moins loins que Guewenheim).<\/p>\n<p>La d\u00eeme impos\u00e9e au village rapporte alors 26 quintaux de froment, 48 d\u2019\u00e9peautre et 30 mesures de vin .<\/p>\n<p><strong>1721<\/strong>\u00a0\u2013 La population est maintenant assez importante pour se constituer en paroisse autonome. Le cur\u00e9 Claude Fran\u00e7ois Meyer de Sentheim exercera ses fonctions jusqu\u2019a sa mort le 16 Aoput 1738.<\/p>\n<p><strong>1738<\/strong>\u00a0\u2013 Le cur\u00e9 Nicolas Feltin prend la rel\u00e8ve.<\/p>\n<p><strong>1743<\/strong>\u00a0\u2013 C\u2019est l\u2019ann\u00e9e de construction du presbyt\u00e8re.<\/p>\n<p><strong>1748<\/strong>\u00a0\u2013 Le cur\u00e9 Jacob Richard de Masevaux vient remplacer Nicolas Feltin destitu\u00e9<br \/>\npour ivrognerie. Il exercera ses fonctions jusqu\u2019a sa mort le 16 Ao\u00fbt 1780.<\/p>\n<h2>Les rapports entre la paroisse et l\u2019Abbaye<\/h2>\n<p>L\u2019Abbaye de Masevaux est le collateur de la paroisse. Elle peut pr\u00e9senter le cur\u00e9 de<br \/>\nson choix \u00e0 l\u2019Ev\u00eaque. Elle per\u00e7oit la d\u00eeme sur les produits agricoles des paysans. En<br \/>\ncontrepartie, elle est charg\u00e9e de construire, reconstruire, d\u2019entretenir le choeur et<br \/>\nla sacristie de l\u2019\u00e9glise, mais la construction de la nef est \u00e0 la charge des<br \/>\nparoissiens. Elle doit encore, le cas \u00e9ch\u00e9ant, assurer la subsistance du desservant<br \/>\ndans la mesure o\u00f9 le rapport de la d\u00eeme est insufisant.<\/p>\n<h2>La construction de l\u2019\u00e9glise<\/h2>\n<p><strong>1767<\/strong>\u00a0\u2013 D\u00e9but Mai, pour assurer le financement des travaux, la commune adresse \u00e0<br \/>\nl\u2019Intendant d\u2019 Alsace la requ\u00eate W 3352 dont le texte suit:<\/p>\n<p>\u00ab\u00a0Les Maire, jur\u00e9s, pr\u00e9pos\u00e9s, bourgeois et la communaut\u00e9 de Niederburbach<br \/>\ndemandent, pour faire construire la nef de leur \u00e9glise paroissiale :<\/p>\n<ol>\n<li>de vendre un canton de r\u00e9serve de leur for\u00eat communale en bloc ou en d\u00e9tail suivant l\u2019avantage.<\/li>\n<li>d\u2019emprunter 1200 livres<\/li>\n<li>aux offres de supprimer (de renoncer) annuellement de leur distribution de bois de chauffage pour icelle d\u2019\u00eatre vendu (et affect\u00e9e) au remboursement de la dite somme.<\/li>\n<li>d\u2019\u00eatre d\u00e9charg\u00e9s des corv\u00e9es royales tant que la construction durera, commettre la r\u00e9gie et la direction d\u2019icelle au nomm\u00e9 Michel Waldmann.<\/li>\n<\/ol>\n<p>Le 9 D\u00e9cembre suivant, la commune est autoris\u00e9e \u00e0 :<br \/>\n1. employer 600 livres de reliquat du jur\u00e9 (compte communal) de l\u2019ann\u00e9e derni\u00e8re.<br \/>\n2. vendre par devant l\u2019Inspecteur de leur for\u00eat communale les vieux arbres de ch\u00eane<br \/>\ndu canton 47 et de B arpents dans celui de la r\u00e9serve N\u00b0 45.<br \/>\n3. pour le surplus, se conformer \u00e0 la demande. (ADHR.C 600)<\/p>\n<h2>Les Travaux<\/h2>\n<p>En\u00a0<strong>1856<\/strong>, l\u2019abb\u00e9 Joseph Dantzer, dans un registre des biens de la famille Brutto- Dantzer, y note \u00e9galement l\u2019histoire de la construction et de la cons\u00e9cration de l\u2019\u00e9glise dont le texte initial a disparu.<\/p>\n<p><strong>1768<\/strong>\u00a0-En l\u2019an 1768, le 13 juin, la chapelle du village est d\u00e9molie. Le 8 juillet de la<br \/>\nm\u00e8me ann\u00e9e seront creus\u00e9es les fondations \u00e0 raison de 1,3 pieds de profondeur et de 4,3 pieds de largeur. Le 23 ao\u00fbt elles sont termin\u00e9es et le 26, \u00e0 9 heures du matin, seront pos\u00e9es les 4 pierres d\u2019angle.<\/p>\n<p>La premi\u00e8re, situ\u00e9e \u00e0 droite de l\u2019entr\u00e9e est mise en place par le cur\u00e9 de Masevaux, Apollinaire Wetze!. Celle de gauche par le r\u00e9v\u00e9rend Mattez, cur\u00e9 de Leimbach. Celle de l\u2019extr\u00e9mit\u00e9 de la nef du c\u00f4t\u00e9 o\u00f9 est annonc\u00e9 l\u2019\u00e9vangile sera pos\u00e9e par ler\u00e9v\u00e9rend Anton Arnold, cur\u00e9 de Cuewenheim et la derni\u00e8re, du c\u00f4t\u00e9 o\u00f9 est lu l\u2019\u00e9p\u00eetre par le r\u00e9v\u00e9rend Wilhelm Wagner, cur\u00e9 de Roderen.<\/p>\n<p><strong>1770<\/strong>\u00a0\u2013 Le 27 Ao\u00fbt, le r\u00e9v\u00e9rend Fran\u00e7ois Octave Meuret cur\u00e9 du chapitre de St. Amarin b\u00e9nit la nouvelle \u00e9glise et le cimeti\u00e8re.<\/p>\n<p><strong>1771<\/strong>\u00a0\u2013 le 15 f\u00e9vrier sont install\u00e9es les stations de la passion du Christ par le r\u00e9v\u00e8rend Stemmelin, religieux de l\u2019ordre de St. Bruno, sous la direction du cur\u00e9 Richard.<\/p>\n<p><strong>1772<\/strong>&#8211; le 5 octobre, elle est consacr\u00e9e sous le vocable de St. Apollinaire par Monseigneur Jean Baptiste Joseph Gobel, \u00e9v\u00eaque de Lucelle, suffragant de l\u2019\u00e9v\u00eaque<br \/>\nde B\u00e2le.<\/p>\n<p>Pendant les travaux, les offices divins sont c\u00e9l\u00e9br\u00e9s au presbyt\u00e8re<\/p>\n<p>Le temps passe, les si\u00e8cles s\u2019encha\u00eenent, notre \u00e9glise va conna\u00eetre au cours des ans, de nombreuses vicissitudes. Elle nous parvient cependant intacte et belle gr\u00e2ce \u00e0 la foi des g\u00e9n\u00e9rations successives.<\/p>\n","protected":false},"excerpt":{"rendered":"<p>Les origines La guerre de Trente viens de s\u2019achever. L\u2019Alsace devient fran\u00e7aise. 1645\u00a0\u2013 En ces temps anciens, Bourbach-le-Bas est un petit hameau. Les habitants rel\u00e8vent de la paroisse St. Maurice de Guewenheim dont le cur\u00e9 Ringenbach, soucieux de reconstituer ses registres paroissiaux \u00ab\u00a0d\u00e9truits par fait de guerre\u00a0\u00bb nous apprend que notre village est dot\u00e9 d\u2019une [&hellip;]<\/p>\n","protected":false},"author":1,"featured_media":576,"comment_status":"closed","ping_status":"open","sticky":false,"template":"","format":"standard","meta":{"footnotes":""},"categories":[4],"tags":[],"class_list":["post-574","post","type-post","status-publish","format-standard","has-post-thumbnail","hentry","category-historique"],"yoast_head":"<!-- This site is optimized with the Yoast SEO plugin v25.5 - https:\/\/yoast.com\/wordpress\/plugins\/seo\/ -->\n<title>Histoire de l&#039;\u00e9glise de Bourbach-le-Bas - Bourbach-le-Bas<\/title>\n<meta name=\"robots\" content=\"index, follow, max-snippet:-1, max-image-preview:large, max-video-preview:-1\" \/>\n<link rel=\"canonical\" href=\"https:\/\/bourbach-le-bas.fr\/index.php\/2019\/06\/27\/histoire-de-leglise\/\" \/>\n<meta property=\"og:locale\" content=\"fr_FR\" \/>\n<meta property=\"og:type\" content=\"article\" \/>\n<meta property=\"og:title\" content=\"Histoire de l&#039;\u00e9glise de Bourbach-le-Bas - Bourbach-le-Bas\" \/>\n<meta property=\"og:description\" content=\"Les origines La guerre de Trente viens de s\u2019achever. L\u2019Alsace devient fran\u00e7aise. 1645\u00a0\u2013 En ces temps anciens, Bourbach-le-Bas est un petit hameau. Les habitants rel\u00e8vent de la paroisse St. Maurice de Guewenheim dont le cur\u00e9 Ringenbach, soucieux de reconstituer ses registres paroissiaux \u00ab\u00a0d\u00e9truits par fait de guerre\u00a0\u00bb nous apprend que notre village est dot\u00e9 d\u2019une [&hellip;]\" \/>\n<meta property=\"og:url\" content=\"https:\/\/bourbach-le-bas.fr\/index.php\/2019\/06\/27\/histoire-de-leglise\/\" \/>\n<meta property=\"og:site_name\" content=\"Bourbach-le-Bas\" \/>\n<meta property=\"article:published_time\" content=\"2019-06-27T12:26:51+00:00\" \/>\n<meta property=\"article:modified_time\" content=\"2019-07-03T12:34:36+00:00\" \/>\n<meta property=\"og:image\" content=\"https:\/\/bourbach-le-bas.fr\/wp-content\/uploads\/2019\/06\/Eglise1.png\" \/>\n\t<meta property=\"og:image:width\" content=\"896\" \/>\n\t<meta property=\"og:image:height\" content=\"1030\" \/>\n\t<meta property=\"og:image:type\" content=\"image\/png\" \/>\n<meta name=\"author\" content=\"admin\" \/>\n<meta name=\"twitter:card\" content=\"summary_large_image\" \/>\n<meta name=\"twitter:label1\" content=\"\u00c9crit par\" \/>\n\t<meta name=\"twitter:data1\" content=\"admin\" \/>\n\t<meta name=\"twitter:label2\" content=\"Dur\u00e9e de lecture estim\u00e9e\" \/>\n\t<meta name=\"twitter:data2\" content=\"5 minutes\" \/>\n<script type=\"application\/ld+json\" class=\"yoast-schema-graph\">{\"@context\":\"https:\/\/schema.org\",\"@graph\":[{\"@type\":\"WebPage\",\"@id\":\"https:\/\/bourbach-le-bas.fr\/index.php\/2019\/06\/27\/histoire-de-leglise\/\",\"url\":\"https:\/\/bourbach-le-bas.fr\/index.php\/2019\/06\/27\/histoire-de-leglise\/\",\"name\":\"Histoire de l'\u00e9glise de Bourbach-le-Bas - Bourbach-le-Bas\",\"isPartOf\":{\"@id\":\"https:\/\/bourbach-le-bas.fr\/#website\"},\"primaryImageOfPage\":{\"@id\":\"https:\/\/bourbach-le-bas.fr\/index.php\/2019\/06\/27\/histoire-de-leglise\/#primaryimage\"},\"image\":{\"@id\":\"https:\/\/bourbach-le-bas.fr\/index.php\/2019\/06\/27\/histoire-de-leglise\/#primaryimage\"},\"thumbnailUrl\":\"https:\/\/bourbach-le-bas.fr\/wp-content\/uploads\/2019\/06\/Eglise1.png\",\"datePublished\":\"2019-06-27T12:26:51+00:00\",\"dateModified\":\"2019-07-03T12:34:36+00:00\",\"author\":{\"@id\":\"https:\/\/bourbach-le-bas.fr\/#\/schema\/person\/57b4354725742da12d8e08569d00e0c1\"},\"breadcrumb\":{\"@id\":\"https:\/\/bourbach-le-bas.fr\/index.php\/2019\/06\/27\/histoire-de-leglise\/#breadcrumb\"},\"inLanguage\":\"fr-FR\",\"potentialAction\":[{\"@type\":\"ReadAction\",\"target\":[\"https:\/\/bourbach-le-bas.fr\/index.php\/2019\/06\/27\/histoire-de-leglise\/\"]}]},{\"@type\":\"ImageObject\",\"inLanguage\":\"fr-FR\",\"@id\":\"https:\/\/bourbach-le-bas.fr\/index.php\/2019\/06\/27\/histoire-de-leglise\/#primaryimage\",\"url\":\"https:\/\/bourbach-le-bas.fr\/wp-content\/uploads\/2019\/06\/Eglise1.png\",\"contentUrl\":\"https:\/\/bourbach-le-bas.fr\/wp-content\/uploads\/2019\/06\/Eglise1.png\",\"width\":1305,\"height\":1500},{\"@type\":\"BreadcrumbList\",\"@id\":\"https:\/\/bourbach-le-bas.fr\/index.php\/2019\/06\/27\/histoire-de-leglise\/#breadcrumb\",\"itemListElement\":[{\"@type\":\"ListItem\",\"position\":1,\"name\":\"Accueil\",\"item\":\"https:\/\/bourbach-le-bas.fr\/index.php\/accueil\/\"},{\"@type\":\"ListItem\",\"position\":2,\"name\":\"Histoire de l&rsquo;\u00e9glise de Bourbach-le-Bas\"}]},{\"@type\":\"WebSite\",\"@id\":\"https:\/\/bourbach-le-bas.fr\/#website\",\"url\":\"https:\/\/bourbach-le-bas.fr\/\",\"name\":\"Bourbach-le-Bas\",\"description\":\"\",\"potentialAction\":[{\"@type\":\"SearchAction\",\"target\":{\"@type\":\"EntryPoint\",\"urlTemplate\":\"https:\/\/bourbach-le-bas.fr\/?s={search_term_string}\"},\"query-input\":{\"@type\":\"PropertyValueSpecification\",\"valueRequired\":true,\"valueName\":\"search_term_string\"}}],\"inLanguage\":\"fr-FR\"},{\"@type\":\"Person\",\"@id\":\"https:\/\/bourbach-le-bas.fr\/#\/schema\/person\/57b4354725742da12d8e08569d00e0c1\",\"name\":\"admin\",\"url\":\"https:\/\/bourbach-le-bas.fr\/index.php\/author\/admin\/\"}]}<\/script>\n<!-- \/ Yoast SEO plugin. -->","yoast_head_json":{"title":"Histoire de l'\u00e9glise de Bourbach-le-Bas - Bourbach-le-Bas","robots":{"index":"index","follow":"follow","max-snippet":"max-snippet:-1","max-image-preview":"max-image-preview:large","max-video-preview":"max-video-preview:-1"},"canonical":"https:\/\/bourbach-le-bas.fr\/index.php\/2019\/06\/27\/histoire-de-leglise\/","og_locale":"fr_FR","og_type":"article","og_title":"Histoire de l'\u00e9glise de Bourbach-le-Bas - Bourbach-le-Bas","og_description":"Les origines La guerre de Trente viens de s\u2019achever. L\u2019Alsace devient fran\u00e7aise. 1645\u00a0\u2013 En ces temps anciens, Bourbach-le-Bas est un petit hameau. Les habitants rel\u00e8vent de la paroisse St. Maurice de Guewenheim dont le cur\u00e9 Ringenbach, soucieux de reconstituer ses registres paroissiaux \u00ab\u00a0d\u00e9truits par fait de guerre\u00a0\u00bb nous apprend que notre village est dot\u00e9 d\u2019une [&hellip;]","og_url":"https:\/\/bourbach-le-bas.fr\/index.php\/2019\/06\/27\/histoire-de-leglise\/","og_site_name":"Bourbach-le-Bas","article_published_time":"2019-06-27T12:26:51+00:00","article_modified_time":"2019-07-03T12:34:36+00:00","og_image":[{"url":"https:\/\/bourbach-le-bas.fr\/wp-content\/uploads\/2019\/06\/Eglise1.png","width":896,"height":1030,"type":"image\/png"}],"author":"admin","twitter_card":"summary_large_image","twitter_misc":{"\u00c9crit par":"admin","Dur\u00e9e de lecture estim\u00e9e":"5 minutes"},"schema":{"@context":"https:\/\/schema.org","@graph":[{"@type":"WebPage","@id":"https:\/\/bourbach-le-bas.fr\/index.php\/2019\/06\/27\/histoire-de-leglise\/","url":"https:\/\/bourbach-le-bas.fr\/index.php\/2019\/06\/27\/histoire-de-leglise\/","name":"Histoire de l'\u00e9glise de Bourbach-le-Bas - Bourbach-le-Bas","isPartOf":{"@id":"https:\/\/bourbach-le-bas.fr\/#website"},"primaryImageOfPage":{"@id":"https:\/\/bourbach-le-bas.fr\/index.php\/2019\/06\/27\/histoire-de-leglise\/#primaryimage"},"image":{"@id":"https:\/\/bourbach-le-bas.fr\/index.php\/2019\/06\/27\/histoire-de-leglise\/#primaryimage"},"thumbnailUrl":"https:\/\/bourbach-le-bas.fr\/wp-content\/uploads\/2019\/06\/Eglise1.png","datePublished":"2019-06-27T12:26:51+00:00","dateModified":"2019-07-03T12:34:36+00:00","author":{"@id":"https:\/\/bourbach-le-bas.fr\/#\/schema\/person\/57b4354725742da12d8e08569d00e0c1"},"breadcrumb":{"@id":"https:\/\/bourbach-le-bas.fr\/index.php\/2019\/06\/27\/histoire-de-leglise\/#breadcrumb"},"inLanguage":"fr-FR","potentialAction":[{"@type":"ReadAction","target":["https:\/\/bourbach-le-bas.fr\/index.php\/2019\/06\/27\/histoire-de-leglise\/"]}]},{"@type":"ImageObject","inLanguage":"fr-FR","@id":"https:\/\/bourbach-le-bas.fr\/index.php\/2019\/06\/27\/histoire-de-leglise\/#primaryimage","url":"https:\/\/bourbach-le-bas.fr\/wp-content\/uploads\/2019\/06\/Eglise1.png","contentUrl":"https:\/\/bourbach-le-bas.fr\/wp-content\/uploads\/2019\/06\/Eglise1.png","width":1305,"height":1500},{"@type":"BreadcrumbList","@id":"https:\/\/bourbach-le-bas.fr\/index.php\/2019\/06\/27\/histoire-de-leglise\/#breadcrumb","itemListElement":[{"@type":"ListItem","position":1,"name":"Accueil","item":"https:\/\/bourbach-le-bas.fr\/index.php\/accueil\/"},{"@type":"ListItem","position":2,"name":"Histoire de l&rsquo;\u00e9glise de Bourbach-le-Bas"}]},{"@type":"WebSite","@id":"https:\/\/bourbach-le-bas.fr\/#website","url":"https:\/\/bourbach-le-bas.fr\/","name":"Bourbach-le-Bas","description":"","potentialAction":[{"@type":"SearchAction","target":{"@type":"EntryPoint","urlTemplate":"https:\/\/bourbach-le-bas.fr\/?s={search_term_string}"},"query-input":{"@type":"PropertyValueSpecification","valueRequired":true,"valueName":"search_term_string"}}],"inLanguage":"fr-FR"},{"@type":"Person","@id":"https:\/\/bourbach-le-bas.fr\/#\/schema\/person\/57b4354725742da12d8e08569d00e0c1","name":"admin","url":"https:\/\/bourbach-le-bas.fr\/index.php\/author\/admin\/"}]}},"_links":{"self":[{"href":"https:\/\/bourbach-le-bas.fr\/index.php\/wp-json\/wp\/v2\/posts\/574","targetHints":{"allow":["GET"]}}],"collection":[{"href":"https:\/\/bourbach-le-bas.fr\/index.php\/wp-json\/wp\/v2\/posts"}],"about":[{"href":"https:\/\/bourbach-le-bas.fr\/index.php\/wp-json\/wp\/v2\/types\/post"}],"author":[{"embeddable":true,"href":"https:\/\/bourbach-le-bas.fr\/index.php\/wp-json\/wp\/v2\/users\/1"}],"replies":[{"embeddable":true,"href":"https:\/\/bourbach-le-bas.fr\/index.php\/wp-json\/wp\/v2\/comments?post=574"}],"version-history":[{"count":3,"href":"https:\/\/bourbach-le-bas.fr\/index.php\/wp-json\/wp\/v2\/posts\/574\/revisions"}],"predecessor-version":[{"id":638,"href":"https:\/\/bourbach-le-bas.fr\/index.php\/wp-json\/wp\/v2\/posts\/574\/revisions\/638"}],"wp:featuredmedia":[{"embeddable":true,"href":"https:\/\/bourbach-le-bas.fr\/index.php\/wp-json\/wp\/v2\/media\/576"}],"wp:attachment":[{"href":"https:\/\/bourbach-le-bas.fr\/index.php\/wp-json\/wp\/v2\/media?parent=574"}],"wp:term":[{"taxonomy":"category","embeddable":true,"href":"https:\/\/bourbach-le-bas.fr\/index.php\/wp-json\/wp\/v2\/categories?post=574"},{"taxonomy":"post_tag","embeddable":true,"href":"https:\/\/bourbach-le-bas.fr\/index.php\/wp-json\/wp\/v2\/tags?post=574"}],"curies":[{"name":"wp","href":"https:\/\/api.w.org\/{rel}","templated":true}]}}