{"id":5432,"date":"2026-03-11T09:54:51","date_gmt":"2026-03-11T09:54:51","guid":{"rendered":"https:\/\/bourbach-le-bas.fr\/?p=5432"},"modified":"2026-03-11T09:55:06","modified_gmt":"2026-03-11T09:55:06","slug":"elections-municipales-2026-2","status":"publish","type":"post","link":"https:\/\/bourbach-le-bas.fr\/index.php\/2026\/03\/11\/elections-municipales-2026-2\/","title":{"rendered":"Elections municipales 2026"},"content":{"rendered":"<p><img loading=\"lazy\" decoding=\"async\" class=\"alignnone size-medium wp-image-5433\" src=\"https:\/\/bourbach-le-bas.fr\/wp-content\/uploads\/2026\/03\/Election-page-1-237x300.png\" alt=\"\" width=\"237\" height=\"300\" srcset=\"https:\/\/bourbach-le-bas.fr\/wp-content\/uploads\/2026\/03\/Election-page-1-237x300.png 237w, https:\/\/bourbach-le-bas.fr\/wp-content\/uploads\/2026\/03\/Election-page-1-556x705.png 556w, https:\/\/bourbach-le-bas.fr\/wp-content\/uploads\/2026\/03\/Election-page-1.png 696w\" sizes=\"auto, (max-width: 237px) 100vw, 237px\" \/><img loading=\"lazy\" decoding=\"async\" class=\"alignnone size-medium wp-image-5434\" src=\"https:\/\/bourbach-le-bas.fr\/wp-content\/uploads\/2026\/03\/Election-page-2-218x300.png\" alt=\"\" width=\"218\" height=\"300\" srcset=\"https:\/\/bourbach-le-bas.fr\/wp-content\/uploads\/2026\/03\/Election-page-2-218x300.png 218w, https:\/\/bourbach-le-bas.fr\/wp-content\/uploads\/2026\/03\/Election-page-2-513x705.png 513w, https:\/\/bourbach-le-bas.fr\/wp-content\/uploads\/2026\/03\/Election-page-2.png 637w\" sizes=\"auto, (max-width: 218px) 100vw, 218px\" \/><\/p>\n","protected":false},"excerpt":{"rendered":"","protected":false},"author":2,"featured_media":5433,"comment_status":"closed","ping_status":"open","sticky":false,"template":"","format":"standard","meta":{"footnotes":""},"categories":[2],"tags":[],"class_list":["post-5432","post","type-post","status-publish","format-standard","has-post-thumbnail","hentry","category-fil-dinfos"],"yoast_head":"<!-- This site is optimized with the Yoast SEO plugin v25.5 - https:\/\/yoast.com\/wordpress\/plugins\/seo\/ -->\n<title>Elections municipales 2026 - Bourbach-le-Bas<\/title>\n<meta name=\"robots\" content=\"index, follow, max-snippet:-1, max-image-preview:large, max-video-preview:-1\" \/>\n<link rel=\"canonical\" href=\"https:\/\/bourbach-le-bas.fr\/index.php\/2026\/03\/11\/elections-municipales-2026-2\/\" \/>\n<meta property=\"og:locale\" content=\"fr_FR\" \/>\n<meta property=\"og:type\" content=\"article\" \/>\n<meta property=\"og:title\" content=\"Elections municipales 2026 - Bourbach-le-Bas\" \/>\n<meta property=\"og:url\" content=\"https:\/\/bourbach-le-bas.fr\/index.php\/2026\/03\/11\/elections-municipales-2026-2\/\" \/>\n<meta property=\"og:site_name\" content=\"Bourbach-le-Bas\" \/>\n<meta property=\"article:published_time\" content=\"2026-03-11T09:54:51+00:00\" \/>\n<meta property=\"article:modified_time\" content=\"2026-03-11T09:55:06+00:00\" \/>\n<meta property=\"og:image\" content=\"https:\/\/bourbach-le-bas.fr\/wp-content\/uploads\/2026\/03\/Election-page-1.png\" \/>\n\t<meta property=\"og:image:width\" content=\"696\" \/>\n\t<meta property=\"og:image:height\" content=\"882\" \/>\n\t<meta property=\"og:image:type\" content=\"image\/png\" \/>\n<meta name=\"author\" content=\"mairie\" \/>\n<meta name=\"twitter:card\" content=\"summary_large_image\" \/>\n<meta name=\"twitter:label1\" content=\"\u00c9crit par\" \/>\n\t<meta name=\"twitter:data1\" content=\"mairie\" \/>\n\t<meta name=\"twitter:label2\" content=\"Dur\u00e9e de lecture estim\u00e9e\" \/>\n\t<meta name=\"twitter:data2\" content=\"1 minute\" \/>\n<script type=\"application\/ld+json\" class=\"yoast-schema-graph\">{\"@context\":\"https:\/\/schema.org\",\"@graph\":[{\"@type\":\"WebPage\",\"@id\":\"https:\/\/bourbach-le-bas.fr\/index.php\/2026\/03\/11\/elections-municipales-2026-2\/\",\"url\":\"https:\/\/bourbach-le-bas.fr\/index.php\/2026\/03\/11\/elections-municipales-2026-2\/\",\"name\":\"Elections municipales 2026 - Bourbach-le-Bas\",\"isPartOf\":{\"@id\":\"https:\/\/bourbach-le-bas.fr\/#website\"},\"primaryImageOfPage\":{\"@id\":\"https:\/\/bourbach-le-bas.fr\/index.php\/2026\/03\/11\/elections-municipales-2026-2\/#primaryimage\"},\"image\":{\"@id\":\"https:\/\/bourbach-le-bas.fr\/index.php\/2026\/03\/11\/elections-municipales-2026-2\/#primaryimage\"},\"thumbnailUrl\":\"https:\/\/bourbach-le-bas.fr\/wp-content\/uploads\/2026\/03\/Election-page-1.png\",\"datePublished\":\"2026-03-11T09:54:51+00:00\",\"dateModified\":\"2026-03-11T09:55:06+00:00\",\"author\":{\"@id\":\"https:\/\/bourbach-le-bas.fr\/#\/schema\/person\/3f52f6c9f54c1160b8d92c6c70ff2ec8\"},\"breadcrumb\":{\"@id\":\"https:\/\/bourbach-le-bas.fr\/index.php\/2026\/03\/11\/elections-municipales-2026-2\/#breadcrumb\"},\"inLanguage\":\"fr-FR\",\"potentialAction\":[{\"@type\":\"ReadAction\",\"target\":[\"https:\/\/bourbach-le-bas.fr\/index.php\/2026\/03\/11\/elections-municipales-2026-2\/\"]}]},{\"@type\":\"ImageObject\",\"inLanguage\":\"fr-FR\",\"@id\":\"https:\/\/bourbach-le-bas.fr\/index.php\/2026\/03\/11\/elections-municipales-2026-2\/#primaryimage\",\"url\":\"https:\/\/bourbach-le-bas.fr\/wp-content\/uploads\/2026\/03\/Election-page-1.png\",\"contentUrl\":\"https:\/\/bourbach-le-bas.fr\/wp-content\/uploads\/2026\/03\/Election-page-1.png\",\"width\":696,\"height\":882},{\"@type\":\"BreadcrumbList\",\"@id\":\"https:\/\/bourbach-le-bas.fr\/index.php\/2026\/03\/11\/elections-municipales-2026-2\/#breadcrumb\",\"itemListElement\":[{\"@type\":\"ListItem\",\"position\":1,\"name\":\"Accueil\",\"item\":\"https:\/\/bourbach-le-bas.fr\/index.php\/accueil\/\"},{\"@type\":\"ListItem\",\"position\":2,\"name\":\"Elections municipales 2026\"}]},{\"@type\":\"WebSite\",\"@id\":\"https:\/\/bourbach-le-bas.fr\/#website\",\"url\":\"https:\/\/bourbach-le-bas.fr\/\",\"name\":\"Bourbach-le-Bas\",\"description\":\"\",\"potentialAction\":[{\"@type\":\"SearchAction\",\"target\":{\"@type\":\"EntryPoint\",\"urlTemplate\":\"https:\/\/bourbach-le-bas.fr\/?s={search_term_string}\"},\"query-input\":{\"@type\":\"PropertyValueSpecification\",\"valueRequired\":true,\"valueName\":\"search_term_string\"}}],\"inLanguage\":\"fr-FR\"},{\"@type\":\"Person\",\"@id\":\"https:\/\/bourbach-le-bas.fr\/#\/schema\/person\/3f52f6c9f54c1160b8d92c6c70ff2ec8\",\"name\":\"mairie\",\"url\":\"https:\/\/bourbach-le-bas.fr\/index.php\/author\/mairie\/\"}]}<\/script>\n<!-- \/ Yoast SEO plugin. -->","yoast_head_json":{"title":"Elections municipales 2026 - Bourbach-le-Bas","robots":{"index":"index","follow":"follow","max-snippet":"max-snippet:-1","max-image-preview":"max-image-preview:large","max-video-preview":"max-video-preview:-1"},"canonical":"https:\/\/bourbach-le-bas.fr\/index.php\/2026\/03\/11\/elections-municipales-2026-2\/","og_locale":"fr_FR","og_type":"article","og_title":"Elections municipales 2026 - Bourbach-le-Bas","og_url":"https:\/\/bourbach-le-bas.fr\/index.php\/2026\/03\/11\/elections-municipales-2026-2\/","og_site_name":"Bourbach-le-Bas","article_published_time":"2026-03-11T09:54:51+00:00","article_modified_time":"2026-03-11T09:55:06+00:00","og_image":[{"width":696,"height":882,"url":"https:\/\/bourbach-le-bas.fr\/wp-content\/uploads\/2026\/03\/Election-page-1.png","type":"image\/png"}],"author":"mairie","twitter_card":"summary_large_image","twitter_misc":{"\u00c9crit par":"mairie","Dur\u00e9e de lecture estim\u00e9e":"1 minute"},"schema":{"@context":"https:\/\/schema.org","@graph":[{"@type":"WebPage","@id":"https:\/\/bourbach-le-bas.fr\/index.php\/2026\/03\/11\/elections-municipales-2026-2\/","url":"https:\/\/bourbach-le-bas.fr\/index.php\/2026\/03\/11\/elections-municipales-2026-2\/","name":"Elections municipales 2026 - Bourbach-le-Bas","isPartOf":{"@id":"https:\/\/bourbach-le-bas.fr\/#website"},"primaryImageOfPage":{"@id":"https:\/\/bourbach-le-bas.fr\/index.php\/2026\/03\/11\/elections-municipales-2026-2\/#primaryimage"},"image":{"@id":"https:\/\/bourbach-le-bas.fr\/index.php\/2026\/03\/11\/elections-municipales-2026-2\/#primaryimage"},"thumbnailUrl":"https:\/\/bourbach-le-bas.fr\/wp-content\/uploads\/2026\/03\/Election-page-1.png","datePublished":"2026-03-11T09:54:51+00:00","dateModified":"2026-03-11T09:55:06+00:00","author":{"@id":"https:\/\/bourbach-le-bas.fr\/#\/schema\/person\/3f52f6c9f54c1160b8d92c6c70ff2ec8"},"breadcrumb":{"@id":"https:\/\/bourbach-le-bas.fr\/index.php\/2026\/03\/11\/elections-municipales-2026-2\/#breadcrumb"},"inLanguage":"fr-FR","potentialAction":[{"@type":"ReadAction","target":["https:\/\/bourbach-le-bas.fr\/index.php\/2026\/03\/11\/elections-municipales-2026-2\/"]}]},{"@type":"ImageObject","inLanguage":"fr-FR","@id":"https:\/\/bourbach-le-bas.fr\/index.php\/2026\/03\/11\/elections-municipales-2026-2\/#primaryimage","url":"https:\/\/bourbach-le-bas.fr\/wp-content\/uploads\/2026\/03\/Election-page-1.png","contentUrl":"https:\/\/bourbach-le-bas.fr\/wp-content\/uploads\/2026\/03\/Election-page-1.png","width":696,"height":882},{"@type":"BreadcrumbList","@id":"https:\/\/bourbach-le-bas.fr\/index.php\/2026\/03\/11\/elections-municipales-2026-2\/#breadcrumb","itemListElement":[{"@type":"ListItem","position":1,"name":"Accueil","item":"https:\/\/bourbach-le-bas.fr\/index.php\/accueil\/"},{"@type":"ListItem","position":2,"name":"Elections municipales 2026"}]},{"@type":"WebSite","@id":"https:\/\/bourbach-le-bas.fr\/#website","url":"https:\/\/bourbach-le-bas.fr\/","name":"Bourbach-le-Bas","description":"","potentialAction":[{"@type":"SearchAction","target":{"@type":"EntryPoint","urlTemplate":"https:\/\/bourbach-le-bas.fr\/?s={search_term_string}"},"query-input":{"@type":"PropertyValueSpecification","valueRequired":true,"valueName":"search_term_string"}}],"inLanguage":"fr-FR"},{"@type":"Person","@id":"https:\/\/bourbach-le-bas.fr\/#\/schema\/person\/3f52f6c9f54c1160b8d92c6c70ff2ec8","name":"mairie","url":"https:\/\/bourbach-le-bas.fr\/index.php\/author\/mairie\/"}]}},"_links":{"self":[{"href":"https:\/\/bourbach-le-bas.fr\/index.php\/wp-json\/wp\/v2\/posts\/5432","targetHints":{"allow":["GET"]}}],"collection":[{"href":"https:\/\/bourbach-le-bas.fr\/index.php\/wp-json\/wp\/v2\/posts"}],"about":[{"href":"https:\/\/bourbach-le-bas.fr\/index.php\/wp-json\/wp\/v2\/types\/post"}],"author":[{"embeddable":true,"href":"https:\/\/bourbach-le-bas.fr\/index.php\/wp-json\/wp\/v2\/users\/2"}],"replies":[{"embeddable":true,"href":"https:\/\/bourbach-le-bas.fr\/index.php\/wp-json\/wp\/v2\/comments?post=5432"}],"version-history":[{"count":2,"href":"https:\/\/bourbach-le-bas.fr\/index.php\/wp-json\/wp\/v2\/posts\/5432\/revisions"}],"predecessor-version":[{"id":5437,"href":"https:\/\/bourbach-le-bas.fr\/index.php\/wp-json\/wp\/v2\/posts\/5432\/revisions\/5437"}],"wp:featuredmedia":[{"embeddable":true,"href":"https:\/\/bourbach-le-bas.fr\/index.php\/wp-json\/wp\/v2\/media\/5433"}],"wp:attachment":[{"href":"https:\/\/bourbach-le-bas.fr\/index.php\/wp-json\/wp\/v2\/media?parent=5432"}],"wp:term":[{"taxonomy":"category","embeddable":true,"href":"https:\/\/bourbach-le-bas.fr\/index.php\/wp-json\/wp\/v2\/categories?post=5432"},{"taxonomy":"post_tag","embeddable":true,"href":"https:\/\/bourbach-le-bas.fr\/index.php\/wp-json\/wp\/v2\/tags?post=5432"}],"curies":[{"name":"wp","href":"https:\/\/api.w.org\/{rel}","templated":true}]}}