{"id":5268,"date":"2025-10-28T09:58:17","date_gmt":"2025-10-28T09:58:17","guid":{"rendered":"https:\/\/bourbach-le-bas.fr\/?p=5268"},"modified":"2025-10-28T09:58:17","modified_gmt":"2025-10-28T09:58:17","slug":"atelier-deveil-musical-parents-enfants-%f0%9f%8e%bc","status":"publish","type":"post","link":"https:\/\/bourbach-le-bas.fr\/index.php\/2025\/10\/28\/atelier-deveil-musical-parents-enfants-%f0%9f%8e%bc\/","title":{"rendered":"Atelier d\u2019\u00e9veil musical parents\/enfants \ud83c\udfbc"},"content":{"rendered":"<p>Chers parents,<\/p>\n<p>Et si votre samedi matin se mettait au rythme des maracas, des rires et des petites mains qui tapent en cadence ? \ud83e\udd41\u2728<\/p>\n<p>Le <strong>service Petite Enfance<\/strong>\u00a0de la Communaut\u00e9 de communes de Thann-Cernay vous invite \u00e0 un <strong>atelier d\u2019\u00e9veil musical parents\/enfants<\/strong>, anim\u00e9 par <strong>Camille Persent<\/strong>.<br \/>\nUn moment tout en douceur et en bonne humeur, pour <strong>chanter, bouger, d\u00e9couvrir les sons et partager un vrai temps de complicit\u00e9<\/strong>\u00a0avec votre tout-petit.<\/p>\n<p>\ud83d\udc76 <strong>Atelier destin\u00e9 aux enfants de 0 \u00e0 3 ans <\/strong>accompagn\u00e9s de leur parent.<\/p>\n<p>\ud83d\udcc5 <strong>Samedi 8 novembre 2025<\/strong><br \/>\n\ud83d\udd58 Deux horaires au choix :<br \/>\n\u2022 <strong>9h15 \u00e0 10h15<\/strong><br \/>\n\u2022 <strong>10h30 \u00e0 11h30<\/strong><\/p>\n<p>\ud83d\udccd <strong>Maison intercommunale de la Petite Enfance<\/strong>\u00a0\u2013 1B Faubourg des Vosges \u00e0 Cernay<\/p>\n<p>\ud83c\udfb6 <strong>Inscription obligatoire<\/strong>\u00a0(places limit\u00e9es)<br \/>\n\ud83d\udcde 06 83 89 96 09<br \/>\n\ud83d\udce7 <a href=\"mailto:petite-enfance@cc-thann-cernay.fr\">petite-enfance@cc-thann-cernay.fr<\/a><\/p>\n<p>\ud83d\udc49 Retrouvez toutes les informations sur l&rsquo;affiche en cliquant<a href=\"https:\/\/bourbach-le-bas.fr\/wp-content\/uploads\/2025\/10\/AFF_atelier_eveil_musical_nov2025.jpg\"> ici <\/a>!<br \/>\nOn vous attend nombreux pour un moment musical plein de d\u00e9couvertes et de sourires !<\/p>\n","protected":false},"excerpt":{"rendered":"<p>Chers parents, Et si votre samedi matin se mettait au rythme des maracas, des rires et des petites mains qui tapent en cadence ? \ud83e\udd41\u2728 Le service Petite Enfance\u00a0de la Communaut\u00e9 de communes de Thann-Cernay vous invite \u00e0 un atelier d\u2019\u00e9veil musical parents\/enfants, anim\u00e9 par Camille Persent. Un moment tout en douceur et en bonne [&hellip;]<\/p>\n","protected":false},"author":2,"featured_media":5269,"comment_status":"closed","ping_status":"open","sticky":false,"template":"","format":"standard","meta":{"footnotes":""},"categories":[2],"tags":[],"class_list":["post-5268","post","type-post","status-publish","format-standard","has-post-thumbnail","hentry","category-fil-dinfos"],"yoast_head":"<!-- This site is optimized with the Yoast SEO plugin v25.5 - https:\/\/yoast.com\/wordpress\/plugins\/seo\/ -->\n<title>Atelier d\u2019\u00e9veil musical parents\/enfants \ud83c\udfbc - Bourbach-le-Bas<\/title>\n<meta name=\"robots\" content=\"index, follow, max-snippet:-1, max-image-preview:large, max-video-preview:-1\" \/>\n<link rel=\"canonical\" href=\"https:\/\/bourbach-le-bas.fr\/index.php\/2025\/10\/28\/atelier-deveil-musical-parents-enfants-\ud83c\udfbc\/\" \/>\n<meta property=\"og:locale\" content=\"fr_FR\" \/>\n<meta property=\"og:type\" content=\"article\" \/>\n<meta property=\"og:title\" content=\"Atelier d\u2019\u00e9veil musical parents\/enfants \ud83c\udfbc - Bourbach-le-Bas\" \/>\n<meta property=\"og:description\" content=\"Chers parents, Et si votre samedi matin se mettait au rythme des maracas, des rires et des petites mains qui tapent en cadence ? \ud83e\udd41\u2728 Le service Petite Enfance\u00a0de la Communaut\u00e9 de communes de Thann-Cernay vous invite \u00e0 un atelier d\u2019\u00e9veil musical parents\/enfants, anim\u00e9 par Camille Persent. Un moment tout en douceur et en bonne [&hellip;]\" \/>\n<meta property=\"og:url\" content=\"https:\/\/bourbach-le-bas.fr\/index.php\/2025\/10\/28\/atelier-deveil-musical-parents-enfants-\ud83c\udfbc\/\" \/>\n<meta property=\"og:site_name\" content=\"Bourbach-le-Bas\" \/>\n<meta property=\"article:published_time\" content=\"2025-10-28T09:58:17+00:00\" \/>\n<meta property=\"og:image\" content=\"https:\/\/bourbach-le-bas.fr\/wp-content\/uploads\/2025\/10\/AFF_atelier_eveil_musical_nov2025.jpg\" \/>\n\t<meta property=\"og:image:width\" content=\"1241\" \/>\n\t<meta property=\"og:image:height\" content=\"1754\" \/>\n\t<meta property=\"og:image:type\" content=\"image\/jpeg\" \/>\n<meta name=\"author\" content=\"mairie\" \/>\n<meta name=\"twitter:card\" content=\"summary_large_image\" \/>\n<meta name=\"twitter:label1\" content=\"\u00c9crit par\" \/>\n\t<meta name=\"twitter:data1\" content=\"mairie\" \/>\n\t<meta name=\"twitter:label2\" content=\"Dur\u00e9e de lecture estim\u00e9e\" \/>\n\t<meta name=\"twitter:data2\" content=\"1 minute\" \/>\n<script type=\"application\/ld+json\" class=\"yoast-schema-graph\">{\"@context\":\"https:\/\/schema.org\",\"@graph\":[{\"@type\":\"WebPage\",\"@id\":\"https:\/\/bourbach-le-bas.fr\/index.php\/2025\/10\/28\/atelier-deveil-musical-parents-enfants-%f0%9f%8e%bc\/\",\"url\":\"https:\/\/bourbach-le-bas.fr\/index.php\/2025\/10\/28\/atelier-deveil-musical-parents-enfants-%f0%9f%8e%bc\/\",\"name\":\"Atelier d\u2019\u00e9veil musical parents\/enfants \ud83c\udfbc - Bourbach-le-Bas\",\"isPartOf\":{\"@id\":\"https:\/\/bourbach-le-bas.fr\/#website\"},\"primaryImageOfPage\":{\"@id\":\"https:\/\/bourbach-le-bas.fr\/index.php\/2025\/10\/28\/atelier-deveil-musical-parents-enfants-%f0%9f%8e%bc\/#primaryimage\"},\"image\":{\"@id\":\"https:\/\/bourbach-le-bas.fr\/index.php\/2025\/10\/28\/atelier-deveil-musical-parents-enfants-%f0%9f%8e%bc\/#primaryimage\"},\"thumbnailUrl\":\"https:\/\/bourbach-le-bas.fr\/wp-content\/uploads\/2025\/10\/AFF_atelier_eveil_musical_nov2025.jpg\",\"datePublished\":\"2025-10-28T09:58:17+00:00\",\"author\":{\"@id\":\"https:\/\/bourbach-le-bas.fr\/#\/schema\/person\/3f52f6c9f54c1160b8d92c6c70ff2ec8\"},\"breadcrumb\":{\"@id\":\"https:\/\/bourbach-le-bas.fr\/index.php\/2025\/10\/28\/atelier-deveil-musical-parents-enfants-%f0%9f%8e%bc\/#breadcrumb\"},\"inLanguage\":\"fr-FR\",\"potentialAction\":[{\"@type\":\"ReadAction\",\"target\":[\"https:\/\/bourbach-le-bas.fr\/index.php\/2025\/10\/28\/atelier-deveil-musical-parents-enfants-%f0%9f%8e%bc\/\"]}]},{\"@type\":\"ImageObject\",\"inLanguage\":\"fr-FR\",\"@id\":\"https:\/\/bourbach-le-bas.fr\/index.php\/2025\/10\/28\/atelier-deveil-musical-parents-enfants-%f0%9f%8e%bc\/#primaryimage\",\"url\":\"https:\/\/bourbach-le-bas.fr\/wp-content\/uploads\/2025\/10\/AFF_atelier_eveil_musical_nov2025.jpg\",\"contentUrl\":\"https:\/\/bourbach-le-bas.fr\/wp-content\/uploads\/2025\/10\/AFF_atelier_eveil_musical_nov2025.jpg\",\"width\":1241,\"height\":1754},{\"@type\":\"BreadcrumbList\",\"@id\":\"https:\/\/bourbach-le-bas.fr\/index.php\/2025\/10\/28\/atelier-deveil-musical-parents-enfants-%f0%9f%8e%bc\/#breadcrumb\",\"itemListElement\":[{\"@type\":\"ListItem\",\"position\":1,\"name\":\"Accueil\",\"item\":\"https:\/\/bourbach-le-bas.fr\/index.php\/accueil\/\"},{\"@type\":\"ListItem\",\"position\":2,\"name\":\"Atelier d\u2019\u00e9veil musical parents\/enfants \ud83c\udfbc\"}]},{\"@type\":\"WebSite\",\"@id\":\"https:\/\/bourbach-le-bas.fr\/#website\",\"url\":\"https:\/\/bourbach-le-bas.fr\/\",\"name\":\"Bourbach-le-Bas\",\"description\":\"\",\"potentialAction\":[{\"@type\":\"SearchAction\",\"target\":{\"@type\":\"EntryPoint\",\"urlTemplate\":\"https:\/\/bourbach-le-bas.fr\/?s={search_term_string}\"},\"query-input\":{\"@type\":\"PropertyValueSpecification\",\"valueRequired\":true,\"valueName\":\"search_term_string\"}}],\"inLanguage\":\"fr-FR\"},{\"@type\":\"Person\",\"@id\":\"https:\/\/bourbach-le-bas.fr\/#\/schema\/person\/3f52f6c9f54c1160b8d92c6c70ff2ec8\",\"name\":\"mairie\",\"url\":\"https:\/\/bourbach-le-bas.fr\/index.php\/author\/mairie\/\"}]}<\/script>\n<!-- \/ Yoast SEO plugin. -->","yoast_head_json":{"title":"Atelier d\u2019\u00e9veil musical parents\/enfants \ud83c\udfbc - Bourbach-le-Bas","robots":{"index":"index","follow":"follow","max-snippet":"max-snippet:-1","max-image-preview":"max-image-preview:large","max-video-preview":"max-video-preview:-1"},"canonical":"https:\/\/bourbach-le-bas.fr\/index.php\/2025\/10\/28\/atelier-deveil-musical-parents-enfants-\ud83c\udfbc\/","og_locale":"fr_FR","og_type":"article","og_title":"Atelier d\u2019\u00e9veil musical parents\/enfants \ud83c\udfbc - Bourbach-le-Bas","og_description":"Chers parents, Et si votre samedi matin se mettait au rythme des maracas, des rires et des petites mains qui tapent en cadence ? \ud83e\udd41\u2728 Le service Petite Enfance\u00a0de la Communaut\u00e9 de communes de Thann-Cernay vous invite \u00e0 un atelier d\u2019\u00e9veil musical parents\/enfants, anim\u00e9 par Camille Persent. Un moment tout en douceur et en bonne [&hellip;]","og_url":"https:\/\/bourbach-le-bas.fr\/index.php\/2025\/10\/28\/atelier-deveil-musical-parents-enfants-\ud83c\udfbc\/","og_site_name":"Bourbach-le-Bas","article_published_time":"2025-10-28T09:58:17+00:00","og_image":[{"width":1241,"height":1754,"url":"https:\/\/bourbach-le-bas.fr\/wp-content\/uploads\/2025\/10\/AFF_atelier_eveil_musical_nov2025.jpg","type":"image\/jpeg"}],"author":"mairie","twitter_card":"summary_large_image","twitter_misc":{"\u00c9crit par":"mairie","Dur\u00e9e de lecture estim\u00e9e":"1 minute"},"schema":{"@context":"https:\/\/schema.org","@graph":[{"@type":"WebPage","@id":"https:\/\/bourbach-le-bas.fr\/index.php\/2025\/10\/28\/atelier-deveil-musical-parents-enfants-%f0%9f%8e%bc\/","url":"https:\/\/bourbach-le-bas.fr\/index.php\/2025\/10\/28\/atelier-deveil-musical-parents-enfants-%f0%9f%8e%bc\/","name":"Atelier d\u2019\u00e9veil musical parents\/enfants \ud83c\udfbc - Bourbach-le-Bas","isPartOf":{"@id":"https:\/\/bourbach-le-bas.fr\/#website"},"primaryImageOfPage":{"@id":"https:\/\/bourbach-le-bas.fr\/index.php\/2025\/10\/28\/atelier-deveil-musical-parents-enfants-%f0%9f%8e%bc\/#primaryimage"},"image":{"@id":"https:\/\/bourbach-le-bas.fr\/index.php\/2025\/10\/28\/atelier-deveil-musical-parents-enfants-%f0%9f%8e%bc\/#primaryimage"},"thumbnailUrl":"https:\/\/bourbach-le-bas.fr\/wp-content\/uploads\/2025\/10\/AFF_atelier_eveil_musical_nov2025.jpg","datePublished":"2025-10-28T09:58:17+00:00","author":{"@id":"https:\/\/bourbach-le-bas.fr\/#\/schema\/person\/3f52f6c9f54c1160b8d92c6c70ff2ec8"},"breadcrumb":{"@id":"https:\/\/bourbach-le-bas.fr\/index.php\/2025\/10\/28\/atelier-deveil-musical-parents-enfants-%f0%9f%8e%bc\/#breadcrumb"},"inLanguage":"fr-FR","potentialAction":[{"@type":"ReadAction","target":["https:\/\/bourbach-le-bas.fr\/index.php\/2025\/10\/28\/atelier-deveil-musical-parents-enfants-%f0%9f%8e%bc\/"]}]},{"@type":"ImageObject","inLanguage":"fr-FR","@id":"https:\/\/bourbach-le-bas.fr\/index.php\/2025\/10\/28\/atelier-deveil-musical-parents-enfants-%f0%9f%8e%bc\/#primaryimage","url":"https:\/\/bourbach-le-bas.fr\/wp-content\/uploads\/2025\/10\/AFF_atelier_eveil_musical_nov2025.jpg","contentUrl":"https:\/\/bourbach-le-bas.fr\/wp-content\/uploads\/2025\/10\/AFF_atelier_eveil_musical_nov2025.jpg","width":1241,"height":1754},{"@type":"BreadcrumbList","@id":"https:\/\/bourbach-le-bas.fr\/index.php\/2025\/10\/28\/atelier-deveil-musical-parents-enfants-%f0%9f%8e%bc\/#breadcrumb","itemListElement":[{"@type":"ListItem","position":1,"name":"Accueil","item":"https:\/\/bourbach-le-bas.fr\/index.php\/accueil\/"},{"@type":"ListItem","position":2,"name":"Atelier d\u2019\u00e9veil musical parents\/enfants \ud83c\udfbc"}]},{"@type":"WebSite","@id":"https:\/\/bourbach-le-bas.fr\/#website","url":"https:\/\/bourbach-le-bas.fr\/","name":"Bourbach-le-Bas","description":"","potentialAction":[{"@type":"SearchAction","target":{"@type":"EntryPoint","urlTemplate":"https:\/\/bourbach-le-bas.fr\/?s={search_term_string}"},"query-input":{"@type":"PropertyValueSpecification","valueRequired":true,"valueName":"search_term_string"}}],"inLanguage":"fr-FR"},{"@type":"Person","@id":"https:\/\/bourbach-le-bas.fr\/#\/schema\/person\/3f52f6c9f54c1160b8d92c6c70ff2ec8","name":"mairie","url":"https:\/\/bourbach-le-bas.fr\/index.php\/author\/mairie\/"}]}},"_links":{"self":[{"href":"https:\/\/bourbach-le-bas.fr\/index.php\/wp-json\/wp\/v2\/posts\/5268","targetHints":{"allow":["GET"]}}],"collection":[{"href":"https:\/\/bourbach-le-bas.fr\/index.php\/wp-json\/wp\/v2\/posts"}],"about":[{"href":"https:\/\/bourbach-le-bas.fr\/index.php\/wp-json\/wp\/v2\/types\/post"}],"author":[{"embeddable":true,"href":"https:\/\/bourbach-le-bas.fr\/index.php\/wp-json\/wp\/v2\/users\/2"}],"replies":[{"embeddable":true,"href":"https:\/\/bourbach-le-bas.fr\/index.php\/wp-json\/wp\/v2\/comments?post=5268"}],"version-history":[{"count":2,"href":"https:\/\/bourbach-le-bas.fr\/index.php\/wp-json\/wp\/v2\/posts\/5268\/revisions"}],"predecessor-version":[{"id":5271,"href":"https:\/\/bourbach-le-bas.fr\/index.php\/wp-json\/wp\/v2\/posts\/5268\/revisions\/5271"}],"wp:featuredmedia":[{"embeddable":true,"href":"https:\/\/bourbach-le-bas.fr\/index.php\/wp-json\/wp\/v2\/media\/5269"}],"wp:attachment":[{"href":"https:\/\/bourbach-le-bas.fr\/index.php\/wp-json\/wp\/v2\/media?parent=5268"}],"wp:term":[{"taxonomy":"category","embeddable":true,"href":"https:\/\/bourbach-le-bas.fr\/index.php\/wp-json\/wp\/v2\/categories?post=5268"},{"taxonomy":"post_tag","embeddable":true,"href":"https:\/\/bourbach-le-bas.fr\/index.php\/wp-json\/wp\/v2\/tags?post=5268"}],"curies":[{"name":"wp","href":"https:\/\/api.w.org\/{rel}","templated":true}]}}