{"id":5257,"date":"2025-10-23T07:04:04","date_gmt":"2025-10-23T07:04:04","guid":{"rendered":"https:\/\/bourbach-le-bas.fr\/?p=5257"},"modified":"2025-10-23T07:04:26","modified_gmt":"2025-10-23T07:04:26","slug":"alerte-a-linfluenza-aviaire-%e2%9a%a0%ef%b8%8f","status":"publish","type":"post","link":"https:\/\/bourbach-le-bas.fr\/index.php\/2025\/10\/23\/alerte-a-linfluenza-aviaire-%e2%9a%a0%ef%b8%8f\/","title":{"rendered":"Alerte \u00e0 l&rsquo;influenza aviaire \u26a0\ufe0f"},"content":{"rendered":"<p>Face \u00e0 la recrudescence des cas de grippe aviaire, il est important de conna\u00eetre les gestes essentiels pour prot\u00e9ger ses animaux. Cette <em><strong><a href=\"https:\/\/bourbach-le-bas.fr\/wp-content\/uploads\/2025\/10\/2212_Protection_IA_AFF_V2-3.pdf\">fiche explique<\/a><\/strong><\/em> les bon r\u00e9flexes \u00e0 adopter pour pr\u00e9venir la maladie et \u00e9viter sa propagation.<\/p>\n","protected":false},"excerpt":{"rendered":"<p>Face \u00e0 la recrudescence des cas de grippe aviaire, il est important de conna\u00eetre les gestes essentiels pour prot\u00e9ger ses animaux. Cette fiche explique les bon r\u00e9flexes \u00e0 adopter pour pr\u00e9venir la maladie et \u00e9viter sa propagation.<\/p>\n","protected":false},"author":2,"featured_media":5259,"comment_status":"closed","ping_status":"open","sticky":false,"template":"","format":"standard","meta":{"footnotes":""},"categories":[2],"tags":[],"class_list":["post-5257","post","type-post","status-publish","format-standard","has-post-thumbnail","hentry","category-fil-dinfos"],"yoast_head":"<!-- This site is optimized with the Yoast SEO plugin v25.5 - https:\/\/yoast.com\/wordpress\/plugins\/seo\/ -->\n<title>Alerte \u00e0 l&#039;influenza aviaire \u26a0\ufe0f - Bourbach-le-Bas<\/title>\n<meta name=\"robots\" content=\"index, follow, max-snippet:-1, max-image-preview:large, max-video-preview:-1\" \/>\n<link rel=\"canonical\" href=\"https:\/\/bourbach-le-bas.fr\/index.php\/2025\/10\/23\/alerte-a-linfluenza-aviaire-\u26a0\ufe0f\/\" \/>\n<meta property=\"og:locale\" content=\"fr_FR\" \/>\n<meta property=\"og:type\" content=\"article\" \/>\n<meta property=\"og:title\" content=\"Alerte \u00e0 l&#039;influenza aviaire \u26a0\ufe0f - Bourbach-le-Bas\" \/>\n<meta property=\"og:description\" content=\"Face \u00e0 la recrudescence des cas de grippe aviaire, il est important de conna\u00eetre les gestes essentiels pour prot\u00e9ger ses animaux. Cette fiche explique les bon r\u00e9flexes \u00e0 adopter pour pr\u00e9venir la maladie et \u00e9viter sa propagation.\" \/>\n<meta property=\"og:url\" content=\"https:\/\/bourbach-le-bas.fr\/index.php\/2025\/10\/23\/alerte-a-linfluenza-aviaire-\u26a0\ufe0f\/\" \/>\n<meta property=\"og:site_name\" content=\"Bourbach-le-Bas\" \/>\n<meta property=\"article:published_time\" content=\"2025-10-23T07:04:04+00:00\" \/>\n<meta property=\"article:modified_time\" content=\"2025-10-23T07:04:26+00:00\" \/>\n<meta property=\"og:image\" content=\"https:\/\/bourbach-le-bas.fr\/wp-content\/uploads\/2025\/10\/Influenza-aviaire.png\" \/>\n\t<meta property=\"og:image:width\" content=\"668\" \/>\n\t<meta property=\"og:image:height\" content=\"898\" \/>\n\t<meta property=\"og:image:type\" content=\"image\/png\" \/>\n<meta name=\"author\" content=\"mairie\" \/>\n<meta name=\"twitter:card\" content=\"summary_large_image\" \/>\n<meta name=\"twitter:label1\" content=\"\u00c9crit par\" \/>\n\t<meta name=\"twitter:data1\" content=\"mairie\" \/>\n\t<meta name=\"twitter:label2\" content=\"Dur\u00e9e de lecture estim\u00e9e\" \/>\n\t<meta name=\"twitter:data2\" content=\"1 minute\" \/>\n<script type=\"application\/ld+json\" class=\"yoast-schema-graph\">{\"@context\":\"https:\/\/schema.org\",\"@graph\":[{\"@type\":\"WebPage\",\"@id\":\"https:\/\/bourbach-le-bas.fr\/index.php\/2025\/10\/23\/alerte-a-linfluenza-aviaire-%e2%9a%a0%ef%b8%8f\/\",\"url\":\"https:\/\/bourbach-le-bas.fr\/index.php\/2025\/10\/23\/alerte-a-linfluenza-aviaire-%e2%9a%a0%ef%b8%8f\/\",\"name\":\"Alerte \u00e0 l'influenza aviaire \u26a0\ufe0f - Bourbach-le-Bas\",\"isPartOf\":{\"@id\":\"https:\/\/bourbach-le-bas.fr\/#website\"},\"primaryImageOfPage\":{\"@id\":\"https:\/\/bourbach-le-bas.fr\/index.php\/2025\/10\/23\/alerte-a-linfluenza-aviaire-%e2%9a%a0%ef%b8%8f\/#primaryimage\"},\"image\":{\"@id\":\"https:\/\/bourbach-le-bas.fr\/index.php\/2025\/10\/23\/alerte-a-linfluenza-aviaire-%e2%9a%a0%ef%b8%8f\/#primaryimage\"},\"thumbnailUrl\":\"https:\/\/bourbach-le-bas.fr\/wp-content\/uploads\/2025\/10\/Influenza-aviaire.png\",\"datePublished\":\"2025-10-23T07:04:04+00:00\",\"dateModified\":\"2025-10-23T07:04:26+00:00\",\"author\":{\"@id\":\"https:\/\/bourbach-le-bas.fr\/#\/schema\/person\/3f52f6c9f54c1160b8d92c6c70ff2ec8\"},\"breadcrumb\":{\"@id\":\"https:\/\/bourbach-le-bas.fr\/index.php\/2025\/10\/23\/alerte-a-linfluenza-aviaire-%e2%9a%a0%ef%b8%8f\/#breadcrumb\"},\"inLanguage\":\"fr-FR\",\"potentialAction\":[{\"@type\":\"ReadAction\",\"target\":[\"https:\/\/bourbach-le-bas.fr\/index.php\/2025\/10\/23\/alerte-a-linfluenza-aviaire-%e2%9a%a0%ef%b8%8f\/\"]}]},{\"@type\":\"ImageObject\",\"inLanguage\":\"fr-FR\",\"@id\":\"https:\/\/bourbach-le-bas.fr\/index.php\/2025\/10\/23\/alerte-a-linfluenza-aviaire-%e2%9a%a0%ef%b8%8f\/#primaryimage\",\"url\":\"https:\/\/bourbach-le-bas.fr\/wp-content\/uploads\/2025\/10\/Influenza-aviaire.png\",\"contentUrl\":\"https:\/\/bourbach-le-bas.fr\/wp-content\/uploads\/2025\/10\/Influenza-aviaire.png\",\"width\":668,\"height\":898},{\"@type\":\"BreadcrumbList\",\"@id\":\"https:\/\/bourbach-le-bas.fr\/index.php\/2025\/10\/23\/alerte-a-linfluenza-aviaire-%e2%9a%a0%ef%b8%8f\/#breadcrumb\",\"itemListElement\":[{\"@type\":\"ListItem\",\"position\":1,\"name\":\"Accueil\",\"item\":\"https:\/\/bourbach-le-bas.fr\/index.php\/accueil\/\"},{\"@type\":\"ListItem\",\"position\":2,\"name\":\"Alerte \u00e0 l&rsquo;influenza aviaire \u26a0\ufe0f\"}]},{\"@type\":\"WebSite\",\"@id\":\"https:\/\/bourbach-le-bas.fr\/#website\",\"url\":\"https:\/\/bourbach-le-bas.fr\/\",\"name\":\"Bourbach-le-Bas\",\"description\":\"\",\"potentialAction\":[{\"@type\":\"SearchAction\",\"target\":{\"@type\":\"EntryPoint\",\"urlTemplate\":\"https:\/\/bourbach-le-bas.fr\/?s={search_term_string}\"},\"query-input\":{\"@type\":\"PropertyValueSpecification\",\"valueRequired\":true,\"valueName\":\"search_term_string\"}}],\"inLanguage\":\"fr-FR\"},{\"@type\":\"Person\",\"@id\":\"https:\/\/bourbach-le-bas.fr\/#\/schema\/person\/3f52f6c9f54c1160b8d92c6c70ff2ec8\",\"name\":\"mairie\",\"url\":\"https:\/\/bourbach-le-bas.fr\/index.php\/author\/mairie\/\"}]}<\/script>\n<!-- \/ Yoast SEO plugin. -->","yoast_head_json":{"title":"Alerte \u00e0 l'influenza aviaire \u26a0\ufe0f - Bourbach-le-Bas","robots":{"index":"index","follow":"follow","max-snippet":"max-snippet:-1","max-image-preview":"max-image-preview:large","max-video-preview":"max-video-preview:-1"},"canonical":"https:\/\/bourbach-le-bas.fr\/index.php\/2025\/10\/23\/alerte-a-linfluenza-aviaire-\u26a0\ufe0f\/","og_locale":"fr_FR","og_type":"article","og_title":"Alerte \u00e0 l'influenza aviaire \u26a0\ufe0f - Bourbach-le-Bas","og_description":"Face \u00e0 la recrudescence des cas de grippe aviaire, il est important de conna\u00eetre les gestes essentiels pour prot\u00e9ger ses animaux. Cette fiche explique les bon r\u00e9flexes \u00e0 adopter pour pr\u00e9venir la maladie et \u00e9viter sa propagation.","og_url":"https:\/\/bourbach-le-bas.fr\/index.php\/2025\/10\/23\/alerte-a-linfluenza-aviaire-\u26a0\ufe0f\/","og_site_name":"Bourbach-le-Bas","article_published_time":"2025-10-23T07:04:04+00:00","article_modified_time":"2025-10-23T07:04:26+00:00","og_image":[{"width":668,"height":898,"url":"https:\/\/bourbach-le-bas.fr\/wp-content\/uploads\/2025\/10\/Influenza-aviaire.png","type":"image\/png"}],"author":"mairie","twitter_card":"summary_large_image","twitter_misc":{"\u00c9crit par":"mairie","Dur\u00e9e de lecture estim\u00e9e":"1 minute"},"schema":{"@context":"https:\/\/schema.org","@graph":[{"@type":"WebPage","@id":"https:\/\/bourbach-le-bas.fr\/index.php\/2025\/10\/23\/alerte-a-linfluenza-aviaire-%e2%9a%a0%ef%b8%8f\/","url":"https:\/\/bourbach-le-bas.fr\/index.php\/2025\/10\/23\/alerte-a-linfluenza-aviaire-%e2%9a%a0%ef%b8%8f\/","name":"Alerte \u00e0 l'influenza aviaire \u26a0\ufe0f - Bourbach-le-Bas","isPartOf":{"@id":"https:\/\/bourbach-le-bas.fr\/#website"},"primaryImageOfPage":{"@id":"https:\/\/bourbach-le-bas.fr\/index.php\/2025\/10\/23\/alerte-a-linfluenza-aviaire-%e2%9a%a0%ef%b8%8f\/#primaryimage"},"image":{"@id":"https:\/\/bourbach-le-bas.fr\/index.php\/2025\/10\/23\/alerte-a-linfluenza-aviaire-%e2%9a%a0%ef%b8%8f\/#primaryimage"},"thumbnailUrl":"https:\/\/bourbach-le-bas.fr\/wp-content\/uploads\/2025\/10\/Influenza-aviaire.png","datePublished":"2025-10-23T07:04:04+00:00","dateModified":"2025-10-23T07:04:26+00:00","author":{"@id":"https:\/\/bourbach-le-bas.fr\/#\/schema\/person\/3f52f6c9f54c1160b8d92c6c70ff2ec8"},"breadcrumb":{"@id":"https:\/\/bourbach-le-bas.fr\/index.php\/2025\/10\/23\/alerte-a-linfluenza-aviaire-%e2%9a%a0%ef%b8%8f\/#breadcrumb"},"inLanguage":"fr-FR","potentialAction":[{"@type":"ReadAction","target":["https:\/\/bourbach-le-bas.fr\/index.php\/2025\/10\/23\/alerte-a-linfluenza-aviaire-%e2%9a%a0%ef%b8%8f\/"]}]},{"@type":"ImageObject","inLanguage":"fr-FR","@id":"https:\/\/bourbach-le-bas.fr\/index.php\/2025\/10\/23\/alerte-a-linfluenza-aviaire-%e2%9a%a0%ef%b8%8f\/#primaryimage","url":"https:\/\/bourbach-le-bas.fr\/wp-content\/uploads\/2025\/10\/Influenza-aviaire.png","contentUrl":"https:\/\/bourbach-le-bas.fr\/wp-content\/uploads\/2025\/10\/Influenza-aviaire.png","width":668,"height":898},{"@type":"BreadcrumbList","@id":"https:\/\/bourbach-le-bas.fr\/index.php\/2025\/10\/23\/alerte-a-linfluenza-aviaire-%e2%9a%a0%ef%b8%8f\/#breadcrumb","itemListElement":[{"@type":"ListItem","position":1,"name":"Accueil","item":"https:\/\/bourbach-le-bas.fr\/index.php\/accueil\/"},{"@type":"ListItem","position":2,"name":"Alerte \u00e0 l&rsquo;influenza aviaire \u26a0\ufe0f"}]},{"@type":"WebSite","@id":"https:\/\/bourbach-le-bas.fr\/#website","url":"https:\/\/bourbach-le-bas.fr\/","name":"Bourbach-le-Bas","description":"","potentialAction":[{"@type":"SearchAction","target":{"@type":"EntryPoint","urlTemplate":"https:\/\/bourbach-le-bas.fr\/?s={search_term_string}"},"query-input":{"@type":"PropertyValueSpecification","valueRequired":true,"valueName":"search_term_string"}}],"inLanguage":"fr-FR"},{"@type":"Person","@id":"https:\/\/bourbach-le-bas.fr\/#\/schema\/person\/3f52f6c9f54c1160b8d92c6c70ff2ec8","name":"mairie","url":"https:\/\/bourbach-le-bas.fr\/index.php\/author\/mairie\/"}]}},"_links":{"self":[{"href":"https:\/\/bourbach-le-bas.fr\/index.php\/wp-json\/wp\/v2\/posts\/5257","targetHints":{"allow":["GET"]}}],"collection":[{"href":"https:\/\/bourbach-le-bas.fr\/index.php\/wp-json\/wp\/v2\/posts"}],"about":[{"href":"https:\/\/bourbach-le-bas.fr\/index.php\/wp-json\/wp\/v2\/types\/post"}],"author":[{"embeddable":true,"href":"https:\/\/bourbach-le-bas.fr\/index.php\/wp-json\/wp\/v2\/users\/2"}],"replies":[{"embeddable":true,"href":"https:\/\/bourbach-le-bas.fr\/index.php\/wp-json\/wp\/v2\/comments?post=5257"}],"version-history":[{"count":2,"href":"https:\/\/bourbach-le-bas.fr\/index.php\/wp-json\/wp\/v2\/posts\/5257\/revisions"}],"predecessor-version":[{"id":5261,"href":"https:\/\/bourbach-le-bas.fr\/index.php\/wp-json\/wp\/v2\/posts\/5257\/revisions\/5261"}],"wp:featuredmedia":[{"embeddable":true,"href":"https:\/\/bourbach-le-bas.fr\/index.php\/wp-json\/wp\/v2\/media\/5259"}],"wp:attachment":[{"href":"https:\/\/bourbach-le-bas.fr\/index.php\/wp-json\/wp\/v2\/media?parent=5257"}],"wp:term":[{"taxonomy":"category","embeddable":true,"href":"https:\/\/bourbach-le-bas.fr\/index.php\/wp-json\/wp\/v2\/categories?post=5257"},{"taxonomy":"post_tag","embeddable":true,"href":"https:\/\/bourbach-le-bas.fr\/index.php\/wp-json\/wp\/v2\/tags?post=5257"}],"curies":[{"name":"wp","href":"https:\/\/api.w.org\/{rel}","templated":true}]}}