{"id":5165,"date":"2025-09-29T07:21:59","date_gmt":"2025-09-29T07:21:59","guid":{"rendered":"https:\/\/bourbach-le-bas.fr\/?p=5165"},"modified":"2025-09-29T07:21:59","modified_gmt":"2025-09-29T07:21:59","slug":"quete-nationale-du-souvenir-francais","status":"publish","type":"post","link":"https:\/\/bourbach-le-bas.fr\/index.php\/2025\/09\/29\/quete-nationale-du-souvenir-francais\/","title":{"rendered":"Qu\u00eate Nationale du Souvenir Fran\u00e7ais"},"content":{"rendered":"<p>La traditionnelle Qu\u00eate Nationale du Souvenir Fran\u00e7ais aura lieu du jeudi 30 octobre au lundi 3 novembre 2025 inclus !<\/p>\n","protected":false},"excerpt":{"rendered":"<p>La traditionnelle Qu\u00eate Nationale du Souvenir Fran\u00e7ais aura lieu du jeudi 30 octobre au lundi 3 novembre 2025 inclus !<\/p>\n","protected":false},"author":2,"featured_media":5166,"comment_status":"closed","ping_status":"open","sticky":false,"template":"","format":"standard","meta":{"footnotes":""},"categories":[2],"tags":[],"class_list":["post-5165","post","type-post","status-publish","format-standard","has-post-thumbnail","hentry","category-fil-dinfos"],"yoast_head":"<!-- This site is optimized with the Yoast SEO plugin v25.5 - https:\/\/yoast.com\/wordpress\/plugins\/seo\/ -->\n<title>Qu\u00eate Nationale du Souvenir Fran\u00e7ais - Bourbach-le-Bas<\/title>\n<meta name=\"robots\" content=\"index, follow, max-snippet:-1, max-image-preview:large, max-video-preview:-1\" \/>\n<link rel=\"canonical\" href=\"https:\/\/bourbach-le-bas.fr\/index.php\/2025\/09\/29\/quete-nationale-du-souvenir-francais\/\" \/>\n<meta property=\"og:locale\" content=\"fr_FR\" \/>\n<meta property=\"og:type\" content=\"article\" \/>\n<meta property=\"og:title\" content=\"Qu\u00eate Nationale du Souvenir Fran\u00e7ais - Bourbach-le-Bas\" \/>\n<meta property=\"og:description\" content=\"La traditionnelle Qu\u00eate Nationale du Souvenir Fran\u00e7ais aura lieu du jeudi 30 octobre au lundi 3 novembre 2025 inclus !\" \/>\n<meta property=\"og:url\" content=\"https:\/\/bourbach-le-bas.fr\/index.php\/2025\/09\/29\/quete-nationale-du-souvenir-francais\/\" \/>\n<meta property=\"og:site_name\" content=\"Bourbach-le-Bas\" \/>\n<meta property=\"article:published_time\" content=\"2025-09-29T07:21:59+00:00\" \/>\n<meta property=\"og:image\" content=\"https:\/\/bourbach-le-bas.fr\/wp-content\/uploads\/2025\/09\/quete-nationale.jpg\" \/>\n\t<meta property=\"og:image:width\" content=\"1226\" \/>\n\t<meta property=\"og:image:height\" content=\"1219\" \/>\n\t<meta property=\"og:image:type\" content=\"image\/jpeg\" \/>\n<meta name=\"author\" content=\"mairie\" \/>\n<meta name=\"twitter:card\" content=\"summary_large_image\" \/>\n<meta name=\"twitter:label1\" content=\"\u00c9crit par\" \/>\n\t<meta name=\"twitter:data1\" content=\"mairie\" \/>\n\t<meta name=\"twitter:label2\" content=\"Dur\u00e9e de lecture estim\u00e9e\" \/>\n\t<meta name=\"twitter:data2\" content=\"1 minute\" \/>\n<script type=\"application\/ld+json\" class=\"yoast-schema-graph\">{\"@context\":\"https:\/\/schema.org\",\"@graph\":[{\"@type\":\"WebPage\",\"@id\":\"https:\/\/bourbach-le-bas.fr\/index.php\/2025\/09\/29\/quete-nationale-du-souvenir-francais\/\",\"url\":\"https:\/\/bourbach-le-bas.fr\/index.php\/2025\/09\/29\/quete-nationale-du-souvenir-francais\/\",\"name\":\"Qu\u00eate Nationale du Souvenir Fran\u00e7ais - Bourbach-le-Bas\",\"isPartOf\":{\"@id\":\"https:\/\/bourbach-le-bas.fr\/#website\"},\"primaryImageOfPage\":{\"@id\":\"https:\/\/bourbach-le-bas.fr\/index.php\/2025\/09\/29\/quete-nationale-du-souvenir-francais\/#primaryimage\"},\"image\":{\"@id\":\"https:\/\/bourbach-le-bas.fr\/index.php\/2025\/09\/29\/quete-nationale-du-souvenir-francais\/#primaryimage\"},\"thumbnailUrl\":\"https:\/\/bourbach-le-bas.fr\/wp-content\/uploads\/2025\/09\/quete-nationale.jpg\",\"datePublished\":\"2025-09-29T07:21:59+00:00\",\"author\":{\"@id\":\"https:\/\/bourbach-le-bas.fr\/#\/schema\/person\/3f52f6c9f54c1160b8d92c6c70ff2ec8\"},\"breadcrumb\":{\"@id\":\"https:\/\/bourbach-le-bas.fr\/index.php\/2025\/09\/29\/quete-nationale-du-souvenir-francais\/#breadcrumb\"},\"inLanguage\":\"fr-FR\",\"potentialAction\":[{\"@type\":\"ReadAction\",\"target\":[\"https:\/\/bourbach-le-bas.fr\/index.php\/2025\/09\/29\/quete-nationale-du-souvenir-francais\/\"]}]},{\"@type\":\"ImageObject\",\"inLanguage\":\"fr-FR\",\"@id\":\"https:\/\/bourbach-le-bas.fr\/index.php\/2025\/09\/29\/quete-nationale-du-souvenir-francais\/#primaryimage\",\"url\":\"https:\/\/bourbach-le-bas.fr\/wp-content\/uploads\/2025\/09\/quete-nationale.jpg\",\"contentUrl\":\"https:\/\/bourbach-le-bas.fr\/wp-content\/uploads\/2025\/09\/quete-nationale.jpg\",\"width\":1226,\"height\":1219},{\"@type\":\"BreadcrumbList\",\"@id\":\"https:\/\/bourbach-le-bas.fr\/index.php\/2025\/09\/29\/quete-nationale-du-souvenir-francais\/#breadcrumb\",\"itemListElement\":[{\"@type\":\"ListItem\",\"position\":1,\"name\":\"Accueil\",\"item\":\"https:\/\/bourbach-le-bas.fr\/index.php\/accueil\/\"},{\"@type\":\"ListItem\",\"position\":2,\"name\":\"Qu\u00eate Nationale du Souvenir Fran\u00e7ais\"}]},{\"@type\":\"WebSite\",\"@id\":\"https:\/\/bourbach-le-bas.fr\/#website\",\"url\":\"https:\/\/bourbach-le-bas.fr\/\",\"name\":\"Bourbach-le-Bas\",\"description\":\"\",\"potentialAction\":[{\"@type\":\"SearchAction\",\"target\":{\"@type\":\"EntryPoint\",\"urlTemplate\":\"https:\/\/bourbach-le-bas.fr\/?s={search_term_string}\"},\"query-input\":{\"@type\":\"PropertyValueSpecification\",\"valueRequired\":true,\"valueName\":\"search_term_string\"}}],\"inLanguage\":\"fr-FR\"},{\"@type\":\"Person\",\"@id\":\"https:\/\/bourbach-le-bas.fr\/#\/schema\/person\/3f52f6c9f54c1160b8d92c6c70ff2ec8\",\"name\":\"mairie\",\"url\":\"https:\/\/bourbach-le-bas.fr\/index.php\/author\/mairie\/\"}]}<\/script>\n<!-- \/ Yoast SEO plugin. -->","yoast_head_json":{"title":"Qu\u00eate Nationale du Souvenir Fran\u00e7ais - Bourbach-le-Bas","robots":{"index":"index","follow":"follow","max-snippet":"max-snippet:-1","max-image-preview":"max-image-preview:large","max-video-preview":"max-video-preview:-1"},"canonical":"https:\/\/bourbach-le-bas.fr\/index.php\/2025\/09\/29\/quete-nationale-du-souvenir-francais\/","og_locale":"fr_FR","og_type":"article","og_title":"Qu\u00eate Nationale du Souvenir Fran\u00e7ais - Bourbach-le-Bas","og_description":"La traditionnelle Qu\u00eate Nationale du Souvenir Fran\u00e7ais aura lieu du jeudi 30 octobre au lundi 3 novembre 2025 inclus !","og_url":"https:\/\/bourbach-le-bas.fr\/index.php\/2025\/09\/29\/quete-nationale-du-souvenir-francais\/","og_site_name":"Bourbach-le-Bas","article_published_time":"2025-09-29T07:21:59+00:00","og_image":[{"width":1226,"height":1219,"url":"https:\/\/bourbach-le-bas.fr\/wp-content\/uploads\/2025\/09\/quete-nationale.jpg","type":"image\/jpeg"}],"author":"mairie","twitter_card":"summary_large_image","twitter_misc":{"\u00c9crit par":"mairie","Dur\u00e9e de lecture estim\u00e9e":"1 minute"},"schema":{"@context":"https:\/\/schema.org","@graph":[{"@type":"WebPage","@id":"https:\/\/bourbach-le-bas.fr\/index.php\/2025\/09\/29\/quete-nationale-du-souvenir-francais\/","url":"https:\/\/bourbach-le-bas.fr\/index.php\/2025\/09\/29\/quete-nationale-du-souvenir-francais\/","name":"Qu\u00eate Nationale du Souvenir Fran\u00e7ais - Bourbach-le-Bas","isPartOf":{"@id":"https:\/\/bourbach-le-bas.fr\/#website"},"primaryImageOfPage":{"@id":"https:\/\/bourbach-le-bas.fr\/index.php\/2025\/09\/29\/quete-nationale-du-souvenir-francais\/#primaryimage"},"image":{"@id":"https:\/\/bourbach-le-bas.fr\/index.php\/2025\/09\/29\/quete-nationale-du-souvenir-francais\/#primaryimage"},"thumbnailUrl":"https:\/\/bourbach-le-bas.fr\/wp-content\/uploads\/2025\/09\/quete-nationale.jpg","datePublished":"2025-09-29T07:21:59+00:00","author":{"@id":"https:\/\/bourbach-le-bas.fr\/#\/schema\/person\/3f52f6c9f54c1160b8d92c6c70ff2ec8"},"breadcrumb":{"@id":"https:\/\/bourbach-le-bas.fr\/index.php\/2025\/09\/29\/quete-nationale-du-souvenir-francais\/#breadcrumb"},"inLanguage":"fr-FR","potentialAction":[{"@type":"ReadAction","target":["https:\/\/bourbach-le-bas.fr\/index.php\/2025\/09\/29\/quete-nationale-du-souvenir-francais\/"]}]},{"@type":"ImageObject","inLanguage":"fr-FR","@id":"https:\/\/bourbach-le-bas.fr\/index.php\/2025\/09\/29\/quete-nationale-du-souvenir-francais\/#primaryimage","url":"https:\/\/bourbach-le-bas.fr\/wp-content\/uploads\/2025\/09\/quete-nationale.jpg","contentUrl":"https:\/\/bourbach-le-bas.fr\/wp-content\/uploads\/2025\/09\/quete-nationale.jpg","width":1226,"height":1219},{"@type":"BreadcrumbList","@id":"https:\/\/bourbach-le-bas.fr\/index.php\/2025\/09\/29\/quete-nationale-du-souvenir-francais\/#breadcrumb","itemListElement":[{"@type":"ListItem","position":1,"name":"Accueil","item":"https:\/\/bourbach-le-bas.fr\/index.php\/accueil\/"},{"@type":"ListItem","position":2,"name":"Qu\u00eate Nationale du Souvenir Fran\u00e7ais"}]},{"@type":"WebSite","@id":"https:\/\/bourbach-le-bas.fr\/#website","url":"https:\/\/bourbach-le-bas.fr\/","name":"Bourbach-le-Bas","description":"","potentialAction":[{"@type":"SearchAction","target":{"@type":"EntryPoint","urlTemplate":"https:\/\/bourbach-le-bas.fr\/?s={search_term_string}"},"query-input":{"@type":"PropertyValueSpecification","valueRequired":true,"valueName":"search_term_string"}}],"inLanguage":"fr-FR"},{"@type":"Person","@id":"https:\/\/bourbach-le-bas.fr\/#\/schema\/person\/3f52f6c9f54c1160b8d92c6c70ff2ec8","name":"mairie","url":"https:\/\/bourbach-le-bas.fr\/index.php\/author\/mairie\/"}]}},"_links":{"self":[{"href":"https:\/\/bourbach-le-bas.fr\/index.php\/wp-json\/wp\/v2\/posts\/5165","targetHints":{"allow":["GET"]}}],"collection":[{"href":"https:\/\/bourbach-le-bas.fr\/index.php\/wp-json\/wp\/v2\/posts"}],"about":[{"href":"https:\/\/bourbach-le-bas.fr\/index.php\/wp-json\/wp\/v2\/types\/post"}],"author":[{"embeddable":true,"href":"https:\/\/bourbach-le-bas.fr\/index.php\/wp-json\/wp\/v2\/users\/2"}],"replies":[{"embeddable":true,"href":"https:\/\/bourbach-le-bas.fr\/index.php\/wp-json\/wp\/v2\/comments?post=5165"}],"version-history":[{"count":2,"href":"https:\/\/bourbach-le-bas.fr\/index.php\/wp-json\/wp\/v2\/posts\/5165\/revisions"}],"predecessor-version":[{"id":5168,"href":"https:\/\/bourbach-le-bas.fr\/index.php\/wp-json\/wp\/v2\/posts\/5165\/revisions\/5168"}],"wp:featuredmedia":[{"embeddable":true,"href":"https:\/\/bourbach-le-bas.fr\/index.php\/wp-json\/wp\/v2\/media\/5166"}],"wp:attachment":[{"href":"https:\/\/bourbach-le-bas.fr\/index.php\/wp-json\/wp\/v2\/media?parent=5165"}],"wp:term":[{"taxonomy":"category","embeddable":true,"href":"https:\/\/bourbach-le-bas.fr\/index.php\/wp-json\/wp\/v2\/categories?post=5165"},{"taxonomy":"post_tag","embeddable":true,"href":"https:\/\/bourbach-le-bas.fr\/index.php\/wp-json\/wp\/v2\/tags?post=5165"}],"curies":[{"name":"wp","href":"https:\/\/api.w.org\/{rel}","templated":true}]}}